{"id":2797,"date":"2019-03-06T19:34:12","date_gmt":"2019-03-06T19:34:12","guid":{"rendered":"http:\/\/elobservatorio.com.mx\/rector-invitado-a-visita-de%c2%a0trabajo-de-lopez-obrador"},"modified":"2019-03-06T19:34:12","modified_gmt":"2019-03-06T19:34:12","slug":"rector-invitado-a-visita-de%c2%a0trabajo-de-lopez-obrador","status":"publish","type":"post","link":"https:\/\/elobservatorio.com.mx\/?p=2797","title":{"rendered":"Rector, invitado a visita de\u00a0trabajo de L\u00f3pez Obrador"},"content":{"rendered":"<p>Jos\u00e9 Eduardo Hern\u00e1ndez Nava, rector de la Universidad de Colima, asisti\u00f3 como invitado a la visita de trabajo que realiz\u00f3 a Manzanillo el presidente de M\u00e9xico, Andr\u00e9s Manuel L\u00f3pez Obrador, y en la que entreg\u00f3 de manera simb\u00f3lica apoyos a estudiantes y personas de la tercera edad. Lo acompa\u00f1aron, por la Universidad, Christian Torres Ortiz, secretario general y Luis Enrique Zamorano, secretario general del SUTUC.<\/p>\n","protected":false},"excerpt":{"rendered":"<p>Jos\u00e9 Eduardo Hern\u00e1ndez Nava, rector de la Universidad de Colima, asisti\u00f3 como invitado a la visita de trabajo que realiz\u00f3 a Manzanillo el presidente de M\u00e9xico, Andr\u00e9s Manuel L\u00f3pez Obrador, y en la que entreg\u00f3 de manera simb\u00f3lica apoyos a estudiantes y personas de la tercera edad. Lo acompa\u00f1aron, por la Universidad, Christian Torres Ortiz,&#8230;<\/p>\n","protected":false},"author":2,"featured_media":2798,"comment_status":"open","ping_status":"open","sticky":false,"template":"","format":"standard","meta":{"footnotes":""},"categories":[14],"tags":[29,30,28],"class_list":["post-2797","post","type-post","status-publish","format-standard","has-post-thumbnail","hentry","category-educacion-y-cultura","tag-grid","tag-news","tag-slider"],"_links":{"self":[{"href":"https:\/\/elobservatorio.com.mx\/index.php?rest_route=\/wp\/v2\/posts\/2797"}],"collection":[{"href":"https:\/\/elobservatorio.com.mx\/index.php?rest_route=\/wp\/v2\/posts"}],"about":[{"href":"https:\/\/elobservatorio.com.mx\/index.php?rest_route=\/wp\/v2\/types\/post"}],"author":[{"embeddable":true,"href":"https:\/\/elobservatorio.com.mx\/index.php?rest_route=\/wp\/v2\/users\/2"}],"replies":[{"embeddable":true,"href":"https:\/\/elobservatorio.com.mx\/index.php?rest_route=%2Fwp%2Fv2%2Fcomments&post=2797"}],"version-history":[{"count":0,"href":"https:\/\/elobservatorio.com.mx\/index.php?rest_route=\/wp\/v2\/posts\/2797\/revisions"}],"wp:featuredmedia":[{"embeddable":true,"href":"https:\/\/elobservatorio.com.mx\/index.php?rest_route=\/wp\/v2\/media\/2798"}],"wp:attachment":[{"href":"https:\/\/elobservatorio.com.mx\/index.php?rest_route=%2Fwp%2Fv2%2Fmedia&parent=2797"}],"wp:term":[{"taxonomy":"category","embeddable":true,"href":"https:\/\/elobservatorio.com.mx\/index.php?rest_route=%2Fwp%2Fv2%2Fcategories&post=2797"},{"taxonomy":"post_tag","embeddable":true,"href":"https:\/\/elobservatorio.com.mx\/index.php?rest_route=%2Fwp%2Fv2%2Ftags&post=2797"}],"curies":[{"name":"wp","href":"https:\/\/api.w.org\/{rel}","templated":true}]}}