{"id":2800,"date":"2019-03-06T19:40:37","date_gmt":"2019-03-06T19:40:37","guid":{"rendered":"http:\/\/elobservatorio.com.mx\/egresa-udec-profesionales-en-turismo-vinculados-con-la-sociedad"},"modified":"2019-03-06T19:40:37","modified_gmt":"2019-03-06T19:40:37","slug":"egresa-udec-profesionales-en-turismo-vinculados-con-la-sociedad","status":"publish","type":"post","link":"https:\/\/elobservatorio.com.mx\/?p=2800","title":{"rendered":"Egresa UdeC profesionales en Turismo vinculados con la sociedad"},"content":{"rendered":"<p><em>*\u201cTerminar una carrera profesional es una ventaja para quienes quieren trascender en un mundo cambiante y lleno de retos\u201d: Fernando S\u00e1nchez, director de la Facultad de Turismo.<\/em><\/p>\n<p>Un grupo de estudiantes de la Facultad de Turismo egresaron como licenciados en Gesti\u00f3n Tur\u00edstica, este fin de semana, en un acto acad\u00e9mico que tuvo lugar en el auditorio de la Facultad de Ciencias Pol\u00edticas y Sociales. Ellos llevaron por nombres de generaci\u00f3n \u201cElisa Guti\u00e9rrez Guerra\u201d y \u201cAlma Patricia Salazar D\u00edaz\u201d.<\/p>\n<p>Este acto estuvo presidido por Sergio Wong de la Mora, delegado regional de Villa de \u00c1lvarez, en representaci\u00f3n del rector Jos\u00e9 Eduardo Hern\u00e1ndez Nava; Sara G. Mart\u00ednez, directora general de Educaci\u00f3n Superior; por Fernando S\u00e1nchez, director de la Facultad de Turismo; Ulises Caleb, vicepresidente de la FEUC; el estudiante Manuel Rivera en nombre de Joel Nino, presidente FEC, y por Beatriz Adriana, secretaria Administrativa del plantel.<\/p>\n<p>Al tomar la palabra, Fernando S\u00e1nchez destac\u00f3 que siempre es motivo de orgullo un evento como \u00e9ste, \u201cpues se cumple un proceso importante en la vida de los j\u00f3venes, como es terminar una carrera profesional, y que en estos tiempos es una ventaja para quienes quieren trascender en un mundo cambiante y lleno de retos\u201d.<\/p>\n<p>A los reci\u00e9n egresados les dijo que en estos tiempos tienen la oportunidad de empezar a escribir su historia en uno de los sectores m\u00e1s competitivos de la econom\u00eda, como es el Turismo: \u201cAl egresar, uno de los grandes retos es la experiencia; sin embargo, ustedes tienen grandes fortalezas, adem\u00e1s de ser competitivos en m\u00e1s de una lengua extranjera y tener experiencia en escenarios reales\u201d, enfatiz\u00f3.<\/p>\n<p>A nombre de los egresados, Lourdes Peregrina agradeci\u00f3 al director Fernando S\u00e1nchez C\u00e1rdenas el apoyo que les mostr\u00f3, as\u00ed como a las maestras Elisa Guti\u00e9rrez y Patricia Salazar; asimismo, continu\u00f3, \u201chago extensivo este agradecimiento a nuestros hogares, por su apoyo, confianza y fe en nosotros. A ellos les dedicamos nuestro logro, porque sin su ayuda esto no hubiera sido posible\u201d.<\/p>\n<p>En representaci\u00f3n del rector, Sergio Wong de la Mora mencion\u00f3 que la sociedad reclama una mejor calidad en la educaci\u00f3n y sus egresados, y una mayor vinculaci\u00f3n de \u00e9stos con los diferentes sectores que la conforman: \u201cSin esto, dif\u00edcilmente se contar\u00e1 con profesionistas comprometidos en la soluci\u00f3n de nuestros problemas sociales\u201d, dijo.<\/p>\n<p>Por \u00faltimo, afirm\u00f3 que \u201cel esfuerzo y la dedicaci\u00f3n son dignos de admiraci\u00f3n, pues traer\u00e1n siempre logros que los llenar\u00e1n de orgullo. Lo aprendido lo implementar\u00e1n en el d\u00eda a d\u00eda y, de ahora en adelante, la experiencia que adquieran con la pr\u00e1ctica los orientar\u00e1 a ser mejores seres humanos y excelentes profesionistas\u201d.<\/p>\n","protected":false},"excerpt":{"rendered":"<p>*\u201cTerminar una carrera profesional es una ventaja para quienes quieren trascender en un mundo cambiante y lleno de retos\u201d: Fernando S\u00e1nchez, director de la Facultad de Turismo. Un grupo de estudiantes de la Facultad de Turismo egresaron como licenciados en Gesti\u00f3n Tur\u00edstica, este fin de semana, en un acto acad\u00e9mico que tuvo lugar en el&#8230;<\/p>\n","protected":false},"author":2,"featured_media":2801,"comment_status":"open","ping_status":"open","sticky":false,"template":"","format":"standard","meta":{"footnotes":""},"categories":[14],"tags":[29,30,28],"class_list":["post-2800","post","type-post","status-publish","format-standard","has-post-thumbnail","hentry","category-educacion-y-cultura","tag-grid","tag-news","tag-slider"],"_links":{"self":[{"href":"https:\/\/elobservatorio.com.mx\/index.php?rest_route=\/wp\/v2\/posts\/2800"}],"collection":[{"href":"https:\/\/elobservatorio.com.mx\/index.php?rest_route=\/wp\/v2\/posts"}],"about":[{"href":"https:\/\/elobservatorio.com.mx\/index.php?rest_route=\/wp\/v2\/types\/post"}],"author":[{"embeddable":true,"href":"https:\/\/elobservatorio.com.mx\/index.php?rest_route=\/wp\/v2\/users\/2"}],"replies":[{"embeddable":true,"href":"https:\/\/elobservatorio.com.mx\/index.php?rest_route=%2Fwp%2Fv2%2Fcomments&post=2800"}],"version-history":[{"count":0,"href":"https:\/\/elobservatorio.com.mx\/index.php?rest_route=\/wp\/v2\/posts\/2800\/revisions"}],"wp:featuredmedia":[{"embeddable":true,"href":"https:\/\/elobservatorio.com.mx\/index.php?rest_route=\/wp\/v2\/media\/2801"}],"wp:attachment":[{"href":"https:\/\/elobservatorio.com.mx\/index.php?rest_route=%2Fwp%2Fv2%2Fmedia&parent=2800"}],"wp:term":[{"taxonomy":"category","embeddable":true,"href":"https:\/\/elobservatorio.com.mx\/index.php?rest_route=%2Fwp%2Fv2%2Fcategories&post=2800"},{"taxonomy":"post_tag","embeddable":true,"href":"https:\/\/elobservatorio.com.mx\/index.php?rest_route=%2Fwp%2Fv2%2Ftags&post=2800"}],"curies":[{"name":"wp","href":"https:\/\/api.w.org\/{rel}","templated":true}]}}