{"id":2816,"date":"2019-03-06T20:56:43","date_gmt":"2019-03-06T20:56:43","guid":{"rendered":"http:\/\/elobservatorio.com.mx\/gobernadores-demandan-poner-fin-a-los-abucheos-en-actos-de-amlo"},"modified":"2019-03-06T20:56:43","modified_gmt":"2019-03-06T20:56:43","slug":"gobernadores-demandan-poner-fin-a-los-abucheos-en-actos-de-amlo","status":"publish","type":"post","link":"https:\/\/elobservatorio.com.mx\/?p=2816","title":{"rendered":"Gobernadores demandan poner fin a los abucheos en actos de AMLO"},"content":{"rendered":"<p><em>*Advierten que \u201ctomar\u00e1n medidas\u201d y ser\u00e1n \u201crec\u00edprocos\u201d.<\/em><\/p>\n<p>Por separado, tanto gobernadores agrupados a la Asamblea de Gobernadores del PAN como la Conferencia Nacional de Gobernadores (Conago), llamaron al cese de los abucheos a mandatarios estatales durante actos del presidente Andr\u00e9s Manuel L\u00f3pez Obrador y advirtieron que tomar\u00e1n medidas para las giras presidenciales, sin especificar cu\u00e1les.<\/p>\n<p>Luego de que el gobernador de Colima Jos\u00e9 Ignacio Peralta S\u00e1nchez fuera abucheado y enfrentara a simpatizantes y militantes de Morena y al propio mandatario Andr\u00e9s Manuel L\u00f3pez Obrador, los gobernadores del pa\u00eds unieron fuerzas y exigieron detener ya ese tipo de agresiones a los mandatarios estatales en las giras presidenciales y amenazaron con \u201cser rec\u00edprocos\u201d en lo futuro.<\/p>\n<p>Tras se\u00f1alar que \u201cla pol\u00edtica es di\u00e1logo, respeto, colaboraci\u00f3n y reciprocidad\u201d, la Asamblea de Gobernadores del Partido Acci\u00f3n Nacional (PAN) se\u00f1al\u00f3 que \u201cno permitiremos que se denigre la pol\u00edtica mediante agresiones e insultos orquestados por Morena\u201d.<\/p>\n<p>Mediante su cuenta de Twitter, pidi\u00f3 la intervenci\u00f3n de la Secretar\u00eda de Gobernaci\u00f3n para que cesen los insultos a mandatarios panistas.<\/p>\n<p>Por separado, el gobernador de Campache y presidente de la Conago sostuvo que los mandatarios de todo el pa\u00eds han sido pacientes ante las manifestaciones en actos encabezados por el presidente L\u00f3pez Obrador, pero subray\u00f3: \u201cno vamos a continuar permitiendo que l\u00edderes de su partido nos quieran desacreditar para imponer su vergonzoso radicalismo\u201d.<\/p>\n<p>Ante lo que consider\u00f3 son abucheos por parte de simpatizantes de Morena, Alejandro Moreno que \u00abvaluaremos las decisiones que adoptaremos en las giras presidenciales a nuestros estados\u201d y anunci\u00f3 que la Conago presentar\u00e1 un escrito formal para advertir que \u201ceste tipo de pr\u00e1cticas no ayudan al entendimiento entre los tres niveles de gobierno y s\u00ed entorpecen el trabajo institucional al que nos debemos\u201d.<\/p>\n","protected":false},"excerpt":{"rendered":"<p>*Advierten que \u201ctomar\u00e1n medidas\u201d y ser\u00e1n \u201crec\u00edprocos\u201d. Por separado, tanto gobernadores agrupados a la Asamblea de Gobernadores del PAN como la Conferencia Nacional de Gobernadores (Conago), llamaron al cese de los abucheos a mandatarios estatales durante actos del presidente Andr\u00e9s Manuel L\u00f3pez Obrador y advirtieron que tomar\u00e1n medidas para las giras presidenciales, sin especificar cu\u00e1les&#8230;.<\/p>\n","protected":false},"author":2,"featured_media":2817,"comment_status":"open","ping_status":"open","sticky":false,"template":"","format":"standard","meta":{"footnotes":""},"categories":[18],"tags":[29,30,28],"class_list":["post-2816","post","type-post","status-publish","format-standard","has-post-thumbnail","hentry","category-region","tag-grid","tag-news","tag-slider"],"_links":{"self":[{"href":"https:\/\/elobservatorio.com.mx\/index.php?rest_route=\/wp\/v2\/posts\/2816"}],"collection":[{"href":"https:\/\/elobservatorio.com.mx\/index.php?rest_route=\/wp\/v2\/posts"}],"about":[{"href":"https:\/\/elobservatorio.com.mx\/index.php?rest_route=\/wp\/v2\/types\/post"}],"author":[{"embeddable":true,"href":"https:\/\/elobservatorio.com.mx\/index.php?rest_route=\/wp\/v2\/users\/2"}],"replies":[{"embeddable":true,"href":"https:\/\/elobservatorio.com.mx\/index.php?rest_route=%2Fwp%2Fv2%2Fcomments&post=2816"}],"version-history":[{"count":0,"href":"https:\/\/elobservatorio.com.mx\/index.php?rest_route=\/wp\/v2\/posts\/2816\/revisions"}],"wp:featuredmedia":[{"embeddable":true,"href":"https:\/\/elobservatorio.com.mx\/index.php?rest_route=\/wp\/v2\/media\/2817"}],"wp:attachment":[{"href":"https:\/\/elobservatorio.com.mx\/index.php?rest_route=%2Fwp%2Fv2%2Fmedia&parent=2816"}],"wp:term":[{"taxonomy":"category","embeddable":true,"href":"https:\/\/elobservatorio.com.mx\/index.php?rest_route=%2Fwp%2Fv2%2Fcategories&post=2816"},{"taxonomy":"post_tag","embeddable":true,"href":"https:\/\/elobservatorio.com.mx\/index.php?rest_route=%2Fwp%2Fv2%2Ftags&post=2816"}],"curies":[{"name":"wp","href":"https:\/\/api.w.org\/{rel}","templated":true}]}}