{"id":2822,"date":"2019-03-06T21:03:26","date_gmt":"2019-03-06T21:03:26","guid":{"rendered":"http:\/\/elobservatorio.com.mx\/entran-en-vigor-reglas-del-programa-nacional-de-becas"},"modified":"2019-03-06T21:03:26","modified_gmt":"2019-03-06T21:03:26","slug":"entran-en-vigor-reglas-del-programa-nacional-de-becas","status":"publish","type":"post","link":"https:\/\/elobservatorio.com.mx\/?p=2822","title":{"rendered":"Entran en vigor reglas del programa nacional de becas"},"content":{"rendered":"<p><em>*El Programa coadyuva a fortalecer la calidad y pertinencia de la educaci\u00f3n en el desarrollo de M\u00e9xico, a fin de identificar oportunamente a las poblaciones que han sido excluidas del sistema educativo<\/em>.<\/p>\n<p>La Secretar\u00eda de Educaci\u00f3n P\u00fablica (SEP) public\u00f3 el acuerdo por el que se emiten las Reglas de Operaci\u00f3n del Programa Nacional de Becas para el ejercicio fiscal 2019, que entrar\u00e1n en vigor a partir del d\u00eda de ma\u00f1ana jueves.<\/p>\n<p>En el documento publicado en la edici\u00f3n de este mi\u00e9rcoles del Diario Oficial de la Federaci\u00f3n se indica que el programa referido es una iniciativa del Gobierno de M\u00e9xico que se dirige a estudiantes, egresados\/as y\/o docentes, investigadores\/as y personal con funciones de direcci\u00f3n (directores\/as) de instituciones educativas p\u00fablicas.<\/p>\n<p>El Programa coadyuva a fortalecer la calidad y pertinencia de la educaci\u00f3n en el desarrollo de M\u00e9xico, a fin de identificar oportunamente a las poblaciones que han sido excluidas del sistema educativo o que se encuentran en mayor riesgo de abandonarlo.<\/p>\n<p>Asimismo, el Programa se presenta como una herramienta que facilita la administraci\u00f3n de las becas para todos los tipos educativos, asegurando que las personas que requieran del apoyo realmente lo reciban.<\/p>\n<p>Destaca que su objetivo general es favorecer el acceso, la permanencia, egreso y\/o la superaci\u00f3n acad\u00e9mica e investigaci\u00f3n de los estudiantes, egresados\/as y\/o docentes, personal acad\u00e9mico y profesores\/as investigadores\/as, investigadores\/as y personal con funciones\u2022 de direcci\u00f3n (directores\/as) que participan en el Sistema Educativo Nacional mediante una beca.<\/p>\n<p>El documento precisa que el acuerdo firmado por el titular de la SEP, Esteban Moctezuma Barrag\u00e1n, el pasado 28 de febrero, entrar\u00e1 en vigor al d\u00eda siguiente de su publicaci\u00f3n en el DOF.<\/p>\n<p>Finalmente subraya que \u201cEl anexo del Acuerdo n\u00famero 10\/02\/19 correspondiente a las Reglas de Operaci\u00f3n del Programa Nacional de Becas para el ejercicio fiscal 2019, se encuentra disponible en la siguiente direcci\u00f3n electr\u00f3nica: http:\/\/www.dof.gob.mx\/2019\/SEP\/ANEXO_AL_ACUERDO_10_02_19.pdf\u201d.<\/p>\n","protected":false},"excerpt":{"rendered":"<p>*El Programa coadyuva a fortalecer la calidad y pertinencia de la educaci\u00f3n en el desarrollo de M\u00e9xico, a fin de identificar oportunamente a las poblaciones que han sido excluidas del sistema educativo. La Secretar\u00eda de Educaci\u00f3n P\u00fablica (SEP) public\u00f3 el acuerdo por el que se emiten las Reglas de Operaci\u00f3n del Programa Nacional de Becas&#8230;<\/p>\n","protected":false},"author":2,"featured_media":2823,"comment_status":"open","ping_status":"open","sticky":false,"template":"","format":"standard","meta":{"footnotes":""},"categories":[14],"tags":[29,30,28],"class_list":["post-2822","post","type-post","status-publish","format-standard","has-post-thumbnail","hentry","category-educacion-y-cultura","tag-grid","tag-news","tag-slider"],"_links":{"self":[{"href":"https:\/\/elobservatorio.com.mx\/index.php?rest_route=\/wp\/v2\/posts\/2822"}],"collection":[{"href":"https:\/\/elobservatorio.com.mx\/index.php?rest_route=\/wp\/v2\/posts"}],"about":[{"href":"https:\/\/elobservatorio.com.mx\/index.php?rest_route=\/wp\/v2\/types\/post"}],"author":[{"embeddable":true,"href":"https:\/\/elobservatorio.com.mx\/index.php?rest_route=\/wp\/v2\/users\/2"}],"replies":[{"embeddable":true,"href":"https:\/\/elobservatorio.com.mx\/index.php?rest_route=%2Fwp%2Fv2%2Fcomments&post=2822"}],"version-history":[{"count":0,"href":"https:\/\/elobservatorio.com.mx\/index.php?rest_route=\/wp\/v2\/posts\/2822\/revisions"}],"wp:featuredmedia":[{"embeddable":true,"href":"https:\/\/elobservatorio.com.mx\/index.php?rest_route=\/wp\/v2\/media\/2823"}],"wp:attachment":[{"href":"https:\/\/elobservatorio.com.mx\/index.php?rest_route=%2Fwp%2Fv2%2Fmedia&parent=2822"}],"wp:term":[{"taxonomy":"category","embeddable":true,"href":"https:\/\/elobservatorio.com.mx\/index.php?rest_route=%2Fwp%2Fv2%2Fcategories&post=2822"},{"taxonomy":"post_tag","embeddable":true,"href":"https:\/\/elobservatorio.com.mx\/index.php?rest_route=%2Fwp%2Fv2%2Ftags&post=2822"}],"curies":[{"name":"wp","href":"https:\/\/api.w.org\/{rel}","templated":true}]}}