{"id":2825,"date":"2019-03-06T21:21:03","date_gmt":"2019-03-06T21:21:03","guid":{"rendered":"http:\/\/elobservatorio.com.mx\/firman-acuerdo-de-colaboracion-por-la-paz"},"modified":"2019-03-06T21:21:03","modified_gmt":"2019-03-06T21:21:03","slug":"firman-acuerdo-de-colaboracion-por-la-paz","status":"publish","type":"post","link":"https:\/\/elobservatorio.com.mx\/?p=2825","title":{"rendered":"Firman acuerdo de colaboraci\u00f3n por la paz"},"content":{"rendered":"<p>El Presidente Municipal de Tecom\u00e1n, El\u00edas Antonio Lozano Ochoa, el Diputado federal Hugo Rafael Ru\u00edz Lustre Presidente de la Comisi\u00f3n de Derechos Humanos de la LXIV Legislatura, la Delegada Estatal de Programas para el Desarrollo del Estado de Colima Indira Vizca\u00edno Silva y el Presidente del Consejo Ciudadano A.C. Nazario Rodr\u00edguez Guerra, firmaron \u00e9ste d\u00eda, el Acuerdo de Colaboraci\u00f3n por la Paz el cual est\u00e1 basado en fomentar y promover una cultura de paz.<\/p>\n<p>Estuvieron presentes tambi\u00e9n la diputada Federal Rosa Mar\u00eda Bayardo Cabrera, el Director General de Fomento Econ\u00f3mico Rub\u00e9n Reyes Ram\u00edrez, el Jefe de Promoci\u00f3n Econ\u00f3mica Jos\u00e9 de Jes\u00fas Figueroa Cuevas y funcionarios de la administraci\u00f3n, as\u00ed como representantes de diversas organizaciones sociales.<\/p>\n<p>Al uso de la voz el legislador federal se\u00f1al\u00f3 que \u201ccomo sociedad tenemos una cultura de guerra, condiciones que nos llevan a tener actos por imitaci\u00f3n por ello, cada d\u00eda a menor edad se cometen delitos; por eso es que se est\u00e1 fincando este acuerdo que iniciamos en Colima, el estado m\u00e1s peque\u00f1o y el m\u00e1s violento del pa\u00eds\u201d.<\/p>\n<p>Asimismo Ru\u00edz Lustre mencion\u00f3 que su principal pronunciamiento tras la forma del Acuerdo es el impulsar desde la Comisi\u00f3n de Derechos Humanos de la C\u00e1mara de diputado un punto de acuerdo para que las ex instalaciones militares de la 20\u00aa Zona Militar pasen a ser el Centro de Formaci\u00f3n de la Polic\u00eda de la Zona Occidental \u201cvamos a hacer que ese punto de acuerdo llegue a buen puerto y que se haga en estas instalaciones la academia de formaci\u00f3n policial\u201d.<\/p>\n<p>De igual forma La Delegada Estatal de Programas para el Desarrollo del Estado de Colima Indira Vizca\u00edno Silva dijo que esta iniciativa, es completamente acorde a la visi\u00f3n del Presidente de M\u00e9xico Andr\u00e9s Manuel L\u00f3pez Obrador que es enfocarnos en la prevenci\u00f3n y promover una cultura de paz y de reconciliaci\u00f3n \u201cuna cultura de olvidarnos del individualismo y regresar a la solidaridad y al compa\u00f1erismo; porque nos fuimos convirtiendo en una sociedad individualista, pero cuando los problemas nos alcanzaban entonces quer\u00edamos hacer equipo con el de enfrente y no tenemos que esperar a ello, sino establecer el compromiso de trabajar como sociedad, de ayudarnos unos a otros para que de esa manera podamos rescatar el tejido social que est\u00e1n tan debilitado en nuestro estado\u201d.<\/p>\n<p>Por su parte Nazario Rodr\u00edguez Guerra Presidente del Consejo Ciudadano dijo que duele mucho lo que est\u00e1 sucediendo en Tecom\u00e1n \u201cestamos perdiendo una o dos generaciones de j\u00f3venes por eso debemos de crear oportunidades e involucrar a todos, nosotros como sociedad hemos fallado y debemos tomar conciencia de eso; debemos de regresar a inculcar valores, porque hemos ca\u00eddo en el tema del consumismo y la desatenci\u00f3n y todos queremos volver a tener una sociedad tranquila y un pueblo diferente\u201d.<\/p>\n<p>Para concluir el evento el Presidente Municipal El\u00edas Antonio Lozano Ochoa dijo estar convencido de que la paz es un elemento important\u00edsimo para el desarrollo de las comunidades, de los pueblos y de las naciones, por eso como gobierno y como sociedad tenemos la gran oportunidad de aprender de los errores para ser mejores, hemos dejado de hacer cosas importantes que hoy nos tienen en esta situaci\u00f3n pero tambi\u00e9n estoy convencido de que pronto vamos a poder revertirlo y tener mejores condiciones de vida para todos\u201d.<\/p>\n","protected":false},"excerpt":{"rendered":"<p>El Presidente Municipal de Tecom\u00e1n, El\u00edas Antonio Lozano Ochoa, el Diputado federal Hugo Rafael Ru\u00edz Lustre Presidente de la Comisi\u00f3n de Derechos Humanos de la LXIV Legislatura, la Delegada Estatal de Programas para el Desarrollo del Estado de Colima Indira Vizca\u00edno Silva y el Presidente del Consejo Ciudadano A.C. Nazario Rodr\u00edguez Guerra, firmaron \u00e9ste d\u00eda,&#8230;<\/p>\n","protected":false},"author":2,"featured_media":2826,"comment_status":"open","ping_status":"open","sticky":false,"template":"","format":"standard","meta":{"footnotes":""},"categories":[8,34],"tags":[29,30,28],"class_list":["post-2825","post","type-post","status-publish","format-standard","has-post-thumbnail","hentry","category-municipios","category-tecoman","tag-grid","tag-news","tag-slider"],"_links":{"self":[{"href":"https:\/\/elobservatorio.com.mx\/index.php?rest_route=\/wp\/v2\/posts\/2825"}],"collection":[{"href":"https:\/\/elobservatorio.com.mx\/index.php?rest_route=\/wp\/v2\/posts"}],"about":[{"href":"https:\/\/elobservatorio.com.mx\/index.php?rest_route=\/wp\/v2\/types\/post"}],"author":[{"embeddable":true,"href":"https:\/\/elobservatorio.com.mx\/index.php?rest_route=\/wp\/v2\/users\/2"}],"replies":[{"embeddable":true,"href":"https:\/\/elobservatorio.com.mx\/index.php?rest_route=%2Fwp%2Fv2%2Fcomments&post=2825"}],"version-history":[{"count":0,"href":"https:\/\/elobservatorio.com.mx\/index.php?rest_route=\/wp\/v2\/posts\/2825\/revisions"}],"wp:featuredmedia":[{"embeddable":true,"href":"https:\/\/elobservatorio.com.mx\/index.php?rest_route=\/wp\/v2\/media\/2826"}],"wp:attachment":[{"href":"https:\/\/elobservatorio.com.mx\/index.php?rest_route=%2Fwp%2Fv2%2Fmedia&parent=2825"}],"wp:term":[{"taxonomy":"category","embeddable":true,"href":"https:\/\/elobservatorio.com.mx\/index.php?rest_route=%2Fwp%2Fv2%2Fcategories&post=2825"},{"taxonomy":"post_tag","embeddable":true,"href":"https:\/\/elobservatorio.com.mx\/index.php?rest_route=%2Fwp%2Fv2%2Ftags&post=2825"}],"curies":[{"name":"wp","href":"https:\/\/api.w.org\/{rel}","templated":true}]}}