{"id":28296,"date":"2023-09-19T21:23:53","date_gmt":"2023-09-20T03:23:53","guid":{"rendered":"http:\/\/elobservatorio.com.mx\/?p=28296"},"modified":"2023-09-19T21:23:53","modified_gmt":"2023-09-20T03:23:53","slug":"entrega-gaby-mejia-mas-de-medio-millon-en-becas","status":"publish","type":"post","link":"https:\/\/elobservatorio.com.mx\/?p=28296","title":{"rendered":"Entrega Gaby Mej\u00eda m\u00e1s de medio mill\u00f3n en becas"},"content":{"rendered":"<p class=\"x_gmail-MsoNoSpacing\"><i>+La Beca Impulso Joven beneficia este a\u00f1o a 400 estudiantes de preparatoria y profesional.<\/i><\/p>\n<p class=\"x_gmail-MsoNoSpacing\">La presidenta municipal de Cuauht\u00e9moc, Gabriela Mej\u00eda Mart\u00ednez, entreg\u00f3 400 becas a estudiantes de primer ingreso a bachillerato y permanencia en nivel superior, como parte de la segunda edici\u00f3n del programa denominado Beca Impulso Joven, que apoya a estudiantes del municipio.<\/p>\n<p class=\"x_gmail-MsoNoSpacing\">La alcaldesa precis\u00f3 que en este programa el ayuntamiento que encabeza invierte m\u00e1s de medio mill\u00f3n de pesos, para respaldar a las y los j\u00f3venes que requieren el apoyo en su formaci\u00f3n, se\u00f1alando que desde el inicio su gobierno se ha enfoc\u00f3 en respaldar a la educaci\u00f3n como \u00fanica alternativa para alcanzar el \u00e9xito.<\/p>\n<p class=\"x_gmail-MsoNoSpacing\">\u201cLos gobiernos tenemos gastos que nos generan desequilibrios y complejidades en la operatividad, pero ayudar a los j\u00f3venes y respaldarlos en su educaci\u00f3n nunca ser\u00e1 un gasto, sino una inversi\u00f3n de la que como sociedad recibiremos dividendos en el corto o mediano plazo. Esa es la importancia de invertir en la educaci\u00f3n\u201d, dijo.<\/p>\n<p class=\"x_gmail-MsoNoSpacing\">Por su parte, el rector de la Universidad de Colima, Christian Torres Ortiz Zerme\u00f1o, reconoci\u00f3 el esfuerzo que realiza el Gobierno Municipal de Cuauht\u00e9moc y la presidenta Gaby Mej\u00eda, para brindar a los estudiantes este apoyo que representa la posibilidad de contar con un recurso que ayude en sus gastos cotidianos.<\/p>\n<p class=\"x_gmail-MsoNoSpacing\">A nombre de los beneficiarios, el estudiante Pedro Iv\u00e1n Ramos, expres\u00f3 su agradecimiento a la alcaldesa por este apoyo que contribuye al gasto que los padres realizan en la educaci\u00f3n, y asegur\u00f3 que este programa contribuir\u00e1 en el objetivo de su gobierno, para hacer de Cuauht\u00e9moc el mejor lugar para vivir.<\/p>\n<p class=\"x_gmail-MsoNoSpacing\">En el evento el rector de la m\u00e1xima casa de estudios imparti\u00f3 la conferencia, El Poder de una Mente Positiva, en la que exhort\u00f3 a las y los j\u00f3venes a esforzarse por alcanzar sus sue\u00f1os y el \u00e9xito a trav\u00e9s de la educaci\u00f3n, bajo conceptos ineludibles como la disciplina, la perseverancia, una actitud positiva y sin l\u00edmites, y un equilibrio y estabilidad emocional, entre otros.<\/p>\n<p class=\"x_gmail-MsoNoSpacing\">Estuvieron presentes las y los integrantes del cabildo; el secretario del Ayuntamiento, Aldo Mart\u00ednez; el presidente de FEC, Camilo Garc\u00eda; la presidenta del DIF Municipal, Nadia Mej\u00eda; en representaci\u00f3n del Instituto Tecnol\u00f3gico de Colima, el subdirector acad\u00e9mico, Johann Mej\u00eda; el director municipal de Juventud, Otoniel Rangel, e invitados especiale<\/p>\n","protected":false},"excerpt":{"rendered":"<p>+La Beca Impulso Joven beneficia este a\u00f1o a 400 estudiantes de preparatoria y profesional. La presidenta municipal de Cuauht\u00e9moc, Gabriela Mej\u00eda Mart\u00ednez, entreg\u00f3 400 becas a estudiantes de primer ingreso a bachillerato y permanencia en nivel superior, como parte de la segunda edici\u00f3n del programa denominado Beca Impulso Joven, que apoya a estudiantes del municipio&#8230;.<\/p>\n","protected":false},"author":2,"featured_media":28297,"comment_status":"open","ping_status":"open","sticky":false,"template":"","format":"standard","meta":{"footnotes":""},"categories":[40,8],"tags":[29,30,28],"class_list":["post-28296","post","type-post","status-publish","format-standard","has-post-thumbnail","hentry","category-cuauhtemoc","category-municipios","tag-grid","tag-news","tag-slider"],"_links":{"self":[{"href":"https:\/\/elobservatorio.com.mx\/index.php?rest_route=\/wp\/v2\/posts\/28296"}],"collection":[{"href":"https:\/\/elobservatorio.com.mx\/index.php?rest_route=\/wp\/v2\/posts"}],"about":[{"href":"https:\/\/elobservatorio.com.mx\/index.php?rest_route=\/wp\/v2\/types\/post"}],"author":[{"embeddable":true,"href":"https:\/\/elobservatorio.com.mx\/index.php?rest_route=\/wp\/v2\/users\/2"}],"replies":[{"embeddable":true,"href":"https:\/\/elobservatorio.com.mx\/index.php?rest_route=%2Fwp%2Fv2%2Fcomments&post=28296"}],"version-history":[{"count":0,"href":"https:\/\/elobservatorio.com.mx\/index.php?rest_route=\/wp\/v2\/posts\/28296\/revisions"}],"wp:featuredmedia":[{"embeddable":true,"href":"https:\/\/elobservatorio.com.mx\/index.php?rest_route=\/wp\/v2\/media\/28297"}],"wp:attachment":[{"href":"https:\/\/elobservatorio.com.mx\/index.php?rest_route=%2Fwp%2Fv2%2Fmedia&parent=28296"}],"wp:term":[{"taxonomy":"category","embeddable":true,"href":"https:\/\/elobservatorio.com.mx\/index.php?rest_route=%2Fwp%2Fv2%2Fcategories&post=28296"},{"taxonomy":"post_tag","embeddable":true,"href":"https:\/\/elobservatorio.com.mx\/index.php?rest_route=%2Fwp%2Fv2%2Ftags&post=28296"}],"curies":[{"name":"wp","href":"https:\/\/api.w.org\/{rel}","templated":true}]}}