{"id":28299,"date":"2023-09-19T21:43:01","date_gmt":"2023-09-20T03:43:01","guid":{"rendered":"http:\/\/elobservatorio.com.mx\/?p=28299"},"modified":"2023-09-19T21:43:01","modified_gmt":"2023-09-20T03:43:01","slug":"se-suma-udec-a-simulacro-nacional-de-sismo","status":"publish","type":"post","link":"https:\/\/elobservatorio.com.mx\/?p=28299","title":{"rendered":"Se suma UdeC a simulacro nacional de sismo"},"content":{"rendered":"<p><em>*Para fomentar la cultura de la prevenci\u00f3n civil y prevenir y mitigar riesgos ante fen\u00f3menos naturales.<\/em><\/p>\n<p>Este martes 19 de septiembre, la Universidad de Colima se sum\u00f3 al simulacro nacional de sismo, que se realiz\u00f3 para que las y los mexicanos no olviden la importancia que tiene estar preparados ante un fen\u00f3meno de este tipo y para evaluar la capacidad de respuesta de la poblaci\u00f3n y las autoridades en caso de un sismo de gran magnitud.<\/p>\n<p>La alerta s\u00edsmica se emiti\u00f3 a trav\u00e9s de los altavoces instalados en las facultades y dependencias universitarias. La coordinaci\u00f3n y evaluaci\u00f3n del simulacro estuvieron a cargo de Protecci\u00f3n Civil Universitaria.<\/p>\n<p>De acuerdo con los organismos del Gobierno de M\u00e9xico dedicados a fomentar la cultura de la prevenci\u00f3n civil y a prevenir y mitigar riesgos ante fen\u00f3menos naturales, es importante atender las siguientes recomendaciones:<\/p>\n<p>Antes, es necesario preparar un plan familiar de protecci\u00f3n civil, organizar y participar en simulacros de evacuaci\u00f3n como el de este martes 19, identificar las zonas de seguridad en tu casa, escuela o lugar de trabajo, revisar constantemente las instalaciones de gas y luz y preparar una mochila de emergencia.<\/p>\n<p>Durante el evento, hay que conservar la calma y ubicarse en las zonas de seguridad, alejarse de objetos que puedan caer y de ventanas; si est\u00e1s en tu autom\u00f3vil, estaci\u00f3nate y al\u00e9jate de edificios, \u00e1rboles de gran altura o postes; si te encuentras en zonas costeras, al\u00e9jate de la playa, r\u00edos, arroyos, zonas pantanosas o lagunas y ref\u00fagiate en zonas altas.<\/p>\n<p>Luego de que haya ocurrido el fen\u00f3meno, las autoridades recomiendan revisar tu casa, utilizar el tel\u00e9fono s\u00f3lo en caso de emergencia, no encender cerillos o velas hasta asegurarte que no hay fuga de gas, mantenerte informado, NO propagar rumores y atender las recomendaciones de las autoridades.<\/p>\n<p>&nbsp;<\/p>\n","protected":false},"excerpt":{"rendered":"<p>*Para fomentar la cultura de la prevenci\u00f3n civil y prevenir y mitigar riesgos ante fen\u00f3menos naturales. Este martes 19 de septiembre, la Universidad de Colima se sum\u00f3 al simulacro nacional de sismo, que se realiz\u00f3 para que las y los mexicanos no olviden la importancia que tiene estar preparados ante un fen\u00f3meno de este tipo&#8230;<\/p>\n","protected":false},"author":2,"featured_media":28300,"comment_status":"open","ping_status":"open","sticky":false,"template":"","format":"standard","meta":{"footnotes":""},"categories":[14],"tags":[29,30,28],"class_list":["post-28299","post","type-post","status-publish","format-standard","has-post-thumbnail","hentry","category-educacion-y-cultura","tag-grid","tag-news","tag-slider"],"_links":{"self":[{"href":"https:\/\/elobservatorio.com.mx\/index.php?rest_route=\/wp\/v2\/posts\/28299"}],"collection":[{"href":"https:\/\/elobservatorio.com.mx\/index.php?rest_route=\/wp\/v2\/posts"}],"about":[{"href":"https:\/\/elobservatorio.com.mx\/index.php?rest_route=\/wp\/v2\/types\/post"}],"author":[{"embeddable":true,"href":"https:\/\/elobservatorio.com.mx\/index.php?rest_route=\/wp\/v2\/users\/2"}],"replies":[{"embeddable":true,"href":"https:\/\/elobservatorio.com.mx\/index.php?rest_route=%2Fwp%2Fv2%2Fcomments&post=28299"}],"version-history":[{"count":0,"href":"https:\/\/elobservatorio.com.mx\/index.php?rest_route=\/wp\/v2\/posts\/28299\/revisions"}],"wp:featuredmedia":[{"embeddable":true,"href":"https:\/\/elobservatorio.com.mx\/index.php?rest_route=\/wp\/v2\/media\/28300"}],"wp:attachment":[{"href":"https:\/\/elobservatorio.com.mx\/index.php?rest_route=%2Fwp%2Fv2%2Fmedia&parent=28299"}],"wp:term":[{"taxonomy":"category","embeddable":true,"href":"https:\/\/elobservatorio.com.mx\/index.php?rest_route=%2Fwp%2Fv2%2Fcategories&post=28299"},{"taxonomy":"post_tag","embeddable":true,"href":"https:\/\/elobservatorio.com.mx\/index.php?rest_route=%2Fwp%2Fv2%2Ftags&post=28299"}],"curies":[{"name":"wp","href":"https:\/\/api.w.org\/{rel}","templated":true}]}}