{"id":32745,"date":"2025-06-25T20:20:20","date_gmt":"2025-06-26T02:20:20","guid":{"rendered":"http:\/\/elobservatorio.com.mx\/?p=32745"},"modified":"2025-06-25T20:20:20","modified_gmt":"2025-06-26T02:20:20","slug":"corte-falla-a-favor-de-sasha-sokol-contra-luis-de-llano","status":"publish","type":"post","link":"https:\/\/elobservatorio.com.mx\/?p=32745","title":{"rendered":"Corte falla a favor de Sasha Sokol contra Luis de Llano"},"content":{"rendered":"<p class=\"bajada\"><em><span style=\"font-size: 16px;\">*La Corte rechaza amparar al productor Luis de Llano, quien mantuvo una relaci\u00f3n con Sasha Sokol cuando ella ten\u00eda 14 a\u00f1os y \u00e9l 39<\/span><\/em><\/p>\n<p>M\u00e9xico.- La cantante\u00a0<strong>Sasha Sokol<\/strong>\u00a0inform\u00f3 a trav\u00e9s de su cuenta de X que la\u00a0<strong>Suprema Corte de Justicia de la Naci\u00f3n<\/strong>\u00a0confirm\u00f3 la condena civil contra el productor\u00a0<strong>Luis de Llano<\/strong>\u00a0por la relaci\u00f3n abusiva que sostuvo con ella cuando ten\u00eda 14 a\u00f1os y \u00e9l 39.<\/p>\n<aside class=\"htmlinline\">\n<div class=\"no-bnn-bg\">\u201cLa Suprema Corte de Justicia de la Naci\u00f3n confirm\u00f3 por unanimidad la condena en contra de Luis de Llano al probarse que cometi\u00f3 abuso sexual\u201d, se lee en la publicaci\u00f3n de Sasha Sokol.<\/div>\n<div><\/div>\n<div>Esto significa que no habr\u00e1 plazo de prescripci\u00f3n para que personas que fueron v\u00edctimas de abuso sexual cuando eran menores de edad presenten demandas civiles contra los responsables.<\/div>\n<div>\n<p>Es que la exintegrante de la banda\u00a0<strong>Timbiriche<\/strong>, revel\u00f3 que Luis de Llano la manipul\u00f3 y abus\u00f3 de ella el 8 de marzo de 2022, en el marco del\u00a0<strong>D\u00eda Internacional de la Mujer<\/strong>, tras m\u00e1s de tres d\u00e9cadas de la indebida relaci\u00f3n que sostuvieron.<\/p>\n<p>En este caso, el Tribunal Superior de Justicia declar\u00f3 la responsabilidad civil del productor por la relaci\u00f3n sexual con Sokol, pese a que hab\u00edan transcurrido m\u00e1s de 36 a\u00f1os de los hechos, y tambi\u00e9n lo conden\u00f3 por da\u00f1o moral, derivado de una entrevista con\u00a0<strong>Yordi Rosado<\/strong>\u00a0difundida en 2022.<\/p>\n<p>En ese a\u00f1o, el productor estuvo en el programa de YouTube del conductor y ah\u00ed admiti\u00f3 su relaci\u00f3n con Sasha Sokol.<\/p>\n<blockquote><p>Tuve un romance con Sasha, me enamor\u00e9 y me mand\u00f3 al demonio. Tuve un momento en el que convivimos juntos, estuve muy enamorado de ella y un d\u00eda se acab\u00f3 y seguimos trabajando 10 a\u00f1os m\u00e1s juntos\u201d, dijo el productor hace tres a\u00f1os.<\/p><\/blockquote>\n<h2>\u00bfCu\u00e1l es la condena para Luis de Llano?<\/h2>\n<p>El\u00a0<strong>Tribunal Superior de Justicia\u00a0<\/strong>orden\u00f3 a Luis de Llano a disculparse con Sasha Sokol, no volver a mencionarla, tomar un curso especializado en prevenci\u00f3n de conductas de abuso sexual y pagar una indemnizaci\u00f3n por reparaci\u00f3n del da\u00f1o.<\/p>\n<p>A\u00fan se desconoce el monto, no obostante,\u00a0Sasha Sokol anunci\u00f3 previamente que donar\u00e1 el dinero a una asociaci\u00f3n civil que se dedica a prevenir abusos contra menores.<\/p>\n<h2>\u00bfCu\u00e1l fue el amparo que le rechazaron a Luis de Llano?<\/h2>\n<p>Luis de Llano promovi\u00f3 un amparo para impedir que la demanda de Sasha Sokol en su contra prosiguiera, con el argumento de que pasaron m\u00e1s de treinta a\u00f1os del caso.<\/p>\n<p>Sin embargo, este 25 de junio, la Suprema Corte de Justicia de la Naci\u00f3n rechaz\u00f3 dicho amparo del productor y confirm\u00f3 su sentencia, marcando un precedente, pues concede a las v\u00edctimas de abuso sexual infantil a obtener justicia por la v\u00eda civil, sin importar el tiempo que haya transcurrido entre el hecho y la demanda.<\/p>\n<p><em>Con informaci\u00f3n de am.com.mx<\/em><\/p>\n<p>&nbsp;<\/p>\n<\/div>\n<div><\/div>\n<\/aside>\n","protected":false},"excerpt":{"rendered":"<p>*La Corte rechaza amparar al productor Luis de Llano, quien mantuvo una relaci\u00f3n con Sasha Sokol cuando ella ten\u00eda 14 a\u00f1os y \u00e9l 39 M\u00e9xico.- La cantante\u00a0Sasha Sokol\u00a0inform\u00f3 a trav\u00e9s de su cuenta de X que la\u00a0Suprema Corte de Justicia de la Naci\u00f3n\u00a0confirm\u00f3 la condena civil contra el productor\u00a0Luis de Llano\u00a0por la relaci\u00f3n abusiva que&#8230;<\/p>\n","protected":false},"author":2,"featured_media":32746,"comment_status":"closed","ping_status":"open","sticky":false,"template":"","format":"standard","meta":{"footnotes":""},"categories":[32],"tags":[29,30,28],"class_list":["post-32745","post","type-post","status-publish","format-standard","has-post-thumbnail","hentry","category-escenario","tag-grid","tag-news","tag-slider"],"_links":{"self":[{"href":"https:\/\/elobservatorio.com.mx\/index.php?rest_route=\/wp\/v2\/posts\/32745"}],"collection":[{"href":"https:\/\/elobservatorio.com.mx\/index.php?rest_route=\/wp\/v2\/posts"}],"about":[{"href":"https:\/\/elobservatorio.com.mx\/index.php?rest_route=\/wp\/v2\/types\/post"}],"author":[{"embeddable":true,"href":"https:\/\/elobservatorio.com.mx\/index.php?rest_route=\/wp\/v2\/users\/2"}],"replies":[{"embeddable":true,"href":"https:\/\/elobservatorio.com.mx\/index.php?rest_route=%2Fwp%2Fv2%2Fcomments&post=32745"}],"version-history":[{"count":1,"href":"https:\/\/elobservatorio.com.mx\/index.php?rest_route=\/wp\/v2\/posts\/32745\/revisions"}],"predecessor-version":[{"id":32747,"href":"https:\/\/elobservatorio.com.mx\/index.php?rest_route=\/wp\/v2\/posts\/32745\/revisions\/32747"}],"wp:featuredmedia":[{"embeddable":true,"href":"https:\/\/elobservatorio.com.mx\/index.php?rest_route=\/wp\/v2\/media\/32746"}],"wp:attachment":[{"href":"https:\/\/elobservatorio.com.mx\/index.php?rest_route=%2Fwp%2Fv2%2Fmedia&parent=32745"}],"wp:term":[{"taxonomy":"category","embeddable":true,"href":"https:\/\/elobservatorio.com.mx\/index.php?rest_route=%2Fwp%2Fv2%2Fcategories&post=32745"},{"taxonomy":"post_tag","embeddable":true,"href":"https:\/\/elobservatorio.com.mx\/index.php?rest_route=%2Fwp%2Fv2%2Ftags&post=32745"}],"curies":[{"name":"wp","href":"https:\/\/api.w.org\/{rel}","templated":true}]}}