{"id":32818,"date":"2025-07-29T11:18:56","date_gmt":"2025-07-29T17:18:56","guid":{"rendered":"http:\/\/elobservatorio.com.mx\/?p=32818"},"modified":"2025-07-29T11:18:56","modified_gmt":"2025-07-29T17:18:56","slug":"invitan-a-seguir-visitando-la-exposicion-mujeres-de-peso-de-patricia-aridjis","status":"publish","type":"post","link":"https:\/\/elobservatorio.com.mx\/?p=32818","title":{"rendered":"Invitan a seguir visitando la exposici\u00f3n \u201cMujeres de Peso\u201d, de Patricia Aridjis"},"content":{"rendered":"<p><em>*Mujeres de Peso interpela al espectador al evidenciar c\u00f3mo la sociedad ha impuesto est\u00e1ndares inalcanzables de belleza basados en el \u201cdelgadocentrismo\u201d, excluyendo cuerpos reales, diversos y hermosos por naturaleza.<\/em><\/p>\n<p>El Museo Universitario \u201cFernando del Paso\u201d de la Universidad de Colima invita a la comunidad colimense y al p\u00fablico en general a seguir visitando durante el mes de agosto la exposici\u00f3n fotogr\u00e1fica <strong>Mujeres de Peso<\/strong>, de la reconocida artista Patricia Aridjis, inaugurada a finales de mayo de este a\u00f1o.<\/p>\n<p>Esta poderosa muestra visual, integrada por fotograf\u00edas en mediano y gran formato, en blanco y negro y color, propone una reflexi\u00f3n profunda sobre los estereotipos de belleza y la diversidad corporal femenina. Aridjis retrata a mujeres que, con valent\u00eda, se despojan de los prejuicios y del miedo al juicio ajeno, mostrando sus cuerpos desnudos en espacios \u00edntimos y cotidianos. Lejos de la artificialidad, las fotograf\u00edas exhiben la textura real de la piel, las curvas, los pliegues y la dignidad de quienes deciden habitar su cuerpo sin concesiones.<\/p>\n<p>Durante siete a\u00f1os, la fot\u00f3grafa -considerada una de las voces m\u00e1s s\u00f3lidas de la fotograf\u00eda documental en M\u00e9xico- contact\u00f3 a mujeres a trav\u00e9s de redes sociales y encuentros fortuitos en la calle o el transporte p\u00fablico. Algunas aceptaron mostrarse tal cual son desde el primer instante; otras necesitaron tiempo para confiar en la lente de una artista que trabaja con respeto, empat\u00eda y un claro compromiso social.<\/p>\n<p><strong>Mujeres de Peso<\/strong> interpela al espectador al evidenciar c\u00f3mo la sociedad ha impuesto est\u00e1ndares inalcanzables de belleza basados en el \u201cdelgadocentrismo\u201d, excluyendo cuerpos reales, diversos y hermosos por naturaleza.<\/p>\n<p>\u201cEl cuerpo es una construcci\u00f3n simb\u00f3lica, no una realidad en s\u00ed misma, de ah\u00ed que la forma de mirar el cuerpo no sea igual en las diferentes sociedades. A partir de esta premisa realic\u00e9 una serie de retratos y desnudos a mujeres. \u00bfPor qu\u00e9 mujeres? Porque considero que no es lo mismo, en esta sociedad de apariencias, ser una mujer gorda que un hombre en las mismas condiciones. Hay una exigencia m\u00e1s violenta hacia la feminidad\u201d, escribe Aridjis en uno de los dos textos de presentaci\u00f3n de su obra.<\/p>\n<p>Adem\u00e1s del alto valor est\u00e9tico de la obra, esta exposici\u00f3n busca liberar al cuerpo femenino de miradas normativas, explorando nuevas formas de representaci\u00f3n que dignifican y resignifican lo \u00edntimo como parte de lo colectivo.<\/p>\n<p>La doctora en Arte por la Universidad Nacional Aut\u00f3noma de M\u00e9xico (UNAM), Rebeca Monroy, dice en el otro texto de sala, que las mujeres fotografiadas por Aridjis \u201caparecen jugueteando con el perro, otras con las telas o las manos; sus poses son sencillas porque ellas son el tema, la esencia, la mirada; se van soltando frente a la c\u00e1mara asomando sus rostros hermosos y sonrientes; se presentan entre texturas varias para exhibir su belleza, que esfuma el prejuicio y abre puertas a otras realidades est\u00e9ticas que est\u00e1n a la vista, sin que nadie las juzgue\u201d.<\/p>\n<p>\u201c\u00c9sa -agrega- es la gran haza\u00f1a de la autora: develar y resignificar el\/la cuerpo(a) con la sensualidad compartida en la abundancia como elemento detonador de la mirada y del propio gozo como destino\u201d.<\/p>\n<p>Este proyecto, realizado con apoyo del Sistema Nacional de Creadores de Arte, ha sido exhibido en Villahermosa, Quer\u00e9taro y Oaxaca, y hoy se encuentra en Colima gracias a la colaboraci\u00f3n de la Universidad de Colima, su rector Christian Jorge Torres Ortiz Zerme\u00f1o y el equipo del museo encabezado por Ada Karmina Benavides Rosales.<\/p>\n<p>La muestra permanecer\u00e1 abierta durante agosto en el Museo Universitario \u201cFernando del Paso\u201d, ubicado en la calle 27 de septiembre No. 119, colonia Centro, en la ciudad de Colima. Para mayores informes, puede comunicarse al tel\u00e9fono 312 307 0289.<\/p>\n<p>Patricia Aridjis estudi\u00f3 Sociolog\u00eda en la Universidad Aut\u00f3noma Metropolitana y fotograf\u00eda en el Centro de la Imagen. Desde sus inicios, ha utilizado la c\u00e1mara como una herramienta de denuncia y reflexi\u00f3n social. Entre sus proyectos m\u00e1s reconocidos destacan: \u201cEl muro del silencio\u201d, sobre mujeres en prisi\u00f3n; \u201cTiempo de \u00e1rbol\u201d, centrado en la vida de ni\u00f1as y adolescentes en internados, y \u201cAusencias\u201d, que retrata el vac\u00edo dejado por personas desaparecidas.<\/p>\n<p>Su trabajo ha sido expuesto en museos y galer\u00edas de M\u00e9xico, Estados Unidos, Canad\u00e1, Francia, Espa\u00f1a, Ecuador y Alemania. Adem\u00e1s, ha recibido m\u00faltiples reconocimientos, entre ellos el Premio de Adquisici\u00f3n en la X Bienal de Fotograf\u00eda del Centro de la Imagen, el primer lugar en el concurso de la Fundaci\u00f3n Pedro Meyer, y una beca del Sistema Nacional de Creadores de Arte (FONCA).<\/p>\n<p>&nbsp;<\/p>\n<p>&nbsp;<\/p>\n","protected":false},"excerpt":{"rendered":"<p>*Mujeres de Peso interpela al espectador al evidenciar c\u00f3mo la sociedad ha impuesto est\u00e1ndares inalcanzables de belleza basados en el \u201cdelgadocentrismo\u201d, excluyendo cuerpos reales, diversos y hermosos por naturaleza. El Museo Universitario \u201cFernando del Paso\u201d de la Universidad de Colima invita a la comunidad colimense y al p\u00fablico en general a seguir visitando durante el&#8230;<\/p>\n","protected":false},"author":2,"featured_media":32819,"comment_status":"closed","ping_status":"open","sticky":false,"template":"","format":"standard","meta":{"footnotes":""},"categories":[14],"tags":[29,30,28],"class_list":["post-32818","post","type-post","status-publish","format-standard","has-post-thumbnail","hentry","category-educacion-y-cultura","tag-grid","tag-news","tag-slider"],"_links":{"self":[{"href":"https:\/\/elobservatorio.com.mx\/index.php?rest_route=\/wp\/v2\/posts\/32818"}],"collection":[{"href":"https:\/\/elobservatorio.com.mx\/index.php?rest_route=\/wp\/v2\/posts"}],"about":[{"href":"https:\/\/elobservatorio.com.mx\/index.php?rest_route=\/wp\/v2\/types\/post"}],"author":[{"embeddable":true,"href":"https:\/\/elobservatorio.com.mx\/index.php?rest_route=\/wp\/v2\/users\/2"}],"replies":[{"embeddable":true,"href":"https:\/\/elobservatorio.com.mx\/index.php?rest_route=%2Fwp%2Fv2%2Fcomments&post=32818"}],"version-history":[{"count":1,"href":"https:\/\/elobservatorio.com.mx\/index.php?rest_route=\/wp\/v2\/posts\/32818\/revisions"}],"predecessor-version":[{"id":32820,"href":"https:\/\/elobservatorio.com.mx\/index.php?rest_route=\/wp\/v2\/posts\/32818\/revisions\/32820"}],"wp:featuredmedia":[{"embeddable":true,"href":"https:\/\/elobservatorio.com.mx\/index.php?rest_route=\/wp\/v2\/media\/32819"}],"wp:attachment":[{"href":"https:\/\/elobservatorio.com.mx\/index.php?rest_route=%2Fwp%2Fv2%2Fmedia&parent=32818"}],"wp:term":[{"taxonomy":"category","embeddable":true,"href":"https:\/\/elobservatorio.com.mx\/index.php?rest_route=%2Fwp%2Fv2%2Fcategories&post=32818"},{"taxonomy":"post_tag","embeddable":true,"href":"https:\/\/elobservatorio.com.mx\/index.php?rest_route=%2Fwp%2Fv2%2Ftags&post=32818"}],"curies":[{"name":"wp","href":"https:\/\/api.w.org\/{rel}","templated":true}]}}