{"id":33428,"date":"2026-01-30T13:46:51","date_gmt":"2026-01-30T19:46:51","guid":{"rendered":"https:\/\/elobservatorio.com.mx\/?p=33428"},"modified":"2026-01-30T13:46:51","modified_gmt":"2026-01-30T19:46:51","slug":"ratifican-su-compromiso-con-mexico-las-y-los-legisladores-federales-del-pri-al-iniciar-su-iv-reunion-plenaria","status":"publish","type":"post","link":"https:\/\/elobservatorio.com.mx\/?p=33428","title":{"rendered":"Ratifican su compromiso con M\u00e9xico las y los legisladores federales del PRI al iniciar su IV reuni\u00f3n plenaria"},"content":{"rendered":"<p><em>\u2022 El Presidente Nacional del tricolor, Alejandro Moreno, asegur\u00f3 que est\u00e1n firmes y de pie, listos para dar resultados, defender a las familias mexicanas y llevar a las C\u00e1maras las preocupaciones y el sentir del pueblo.<\/em><\/p>\n<p><em>\u2022 El Coordinador de los senadores, Manuel A\u00f1orve, anunci\u00f3 que habr\u00e1 una postura firme de su grupo parlamentario frente a iniciativas que implican riesgos para el Estado de derecho.<\/em><\/p>\n<p>\u2022 Rub\u00e9n Moreira, l\u00edder de los diputados, afirm\u00f3 que su prioridad ser\u00e1 la defensa de la democracia, garantizar presupuesto para salud, as\u00ed como presentar propuestas que puedan mejorar la perspectiva econ\u00f3mica para 2026.<br \/>\nEn unidad y con compromiso con M\u00e9xico, las y los legisladores federales del tricolor iniciaron su IV Reuni\u00f3n Plenaria para definir la Agenda Legislativa para el Segundo Periodo de Sesiones del Segundo A\u00f1o de Trabajos de la LXVI Legislatura, encabezados por el Presidente del Comit\u00e9 Ejecutivo Nacional (CEN) del Partido Revolucionario Institucional (PRI), Alejandro Moreno, y los coordinadores de los grupos parlamentarios en la C\u00e1mara de Diputados y el Senado, Rub\u00e9n Moreira y Manuel A\u00f1orve.<br \/>\nEl senador y dirigente nacional, Alejandro Moreno, afirm\u00f3 que est\u00e1n firmes y de pie, listos para dar resultados, defender a las familias mexicanas y llevar a las C\u00e1maras las preocupaciones y el sentir del pueblo de M\u00e9xico.<br \/>\nEn la sede nacional del partido, y acompa\u00f1ado por la Secretaria General del CEN, Carolina Viggiano, destac\u00f3 que el actual es un momento importante para seguir confirmando, reafirmando y demostrando que el PRI es la opci\u00f3n en la oposici\u00f3n, porque es el partido que tiene experiencia, responsabilidad, profesionalismo y car\u00e1cter en ambas c\u00e1maras del Congreso.<br \/>\nExpres\u00f3 su reconocimiento a los coordinadores Rub\u00e9n Moreira y Manuel A\u00f1orve, as\u00ed como a todos los integrantes de las bancadas por todo el trabajo que han hecho hasta ahora, y destac\u00f3 su unidad y solidaridad internas, lo que los muestra como los grupos parlamentarios serios en el Legislativo.<br \/>\n\u201cEst\u00e1 claro que quienes tenemos la capacidad para alcanzar buenos resultados, para construir bien por M\u00e9xico, quienes somos el \u00fanico partido de oposici\u00f3n, aunque a muchos no les guste y hagan caras, el partido que es oposici\u00f3n y es opci\u00f3n, es el PRI. Eso est\u00e1 claro. No tengan duda\u201d, sostuvo.<br \/>\nPor su parte, el Coordinador de los senadores, Manuel A\u00f1orve, advirti\u00f3 que hoy es un momento cr\u00edtico para la democracia en M\u00e9xico. La situaci\u00f3n, dijo, corresponde a un embate constante de Morena contra las instituciones. Se\u00f1al\u00f3 que habr\u00e1 una postura firme de su grupo parlamentario frente a iniciativas que implican riesgos para el Estado de derecho.<br \/>\nEntre ellas, cit\u00f3, se encuentra la llamada \u201cLey Maduro\u201d y la propuesta de jueces sin rostro. Ambas medidas, indic\u00f3, resultan contrarias a los derechos humanos y a los tratados internacionales suscritos por el pa\u00eds. Adelant\u00f3 que se dar\u00e1 continuidad de las denuncias ante cualquier intento de debilitamiento del marco legal y de concentraci\u00f3n del poder.<br \/>\nAsimismo, sostuvo los casos de presunta corrupci\u00f3n y mala gesti\u00f3n. Estos hechos, afirm\u00f3, generaron problemas sin soluci\u00f3n gubernamental. La lista incluye asuntos vinculados con el Tren Maya, Birmex y Segalmex.<br \/>\nTambi\u00e9n subray\u00f3 las inconsistencias en la conducci\u00f3n de la pol\u00edtica exterior, y destac\u00f3 la responsabilidad del Senado en este \u00e1mbito. Cuestion\u00f3 decisiones recientes sin transparencia ni sustento institucional. Reafirm\u00f3 el compromiso de la bancada en el Senado con la defensa de la legalidad y del equilibrio de poderes.<br \/>\nEn su intervenci\u00f3n, luego de dar la bienvenida a las y los legisladores priistas, el coordinador de los diputados federales, Rub\u00e9n Moreira, adelant\u00f3 que la presencia de los especialistas invitados a la Reuni\u00f3n Plenaria permitir\u00e1 construir una Agenda Legislativa que defienda los derechos y atienda las necesidades de los mexicanos, con bases te\u00f3ricas, anal\u00edticas y de investigaci\u00f3n.<br \/>\nNuestras prioridades, enfatiz\u00f3 Moreira, son la defensa de la democracia, garantizar presupuesto para salud, presentar propuestas para mejorar la perspectiva econ\u00f3mica para 2026, legislar con perspectiva de g\u00e9nero y asumir el reto de la Inteligencia Artificial con responsabilidad<\/p>\n","protected":false},"excerpt":{"rendered":"<p>\u2022 El Presidente Nacional del tricolor, Alejandro Moreno, asegur\u00f3 que est\u00e1n firmes y de pie, listos para dar resultados, defender a las familias mexicanas y llevar a las C\u00e1maras las preocupaciones y el sentir del pueblo. \u2022 El Coordinador de los senadores, Manuel A\u00f1orve, anunci\u00f3 que habr\u00e1 una postura firme de su grupo parlamentario frente&#8230;<\/p>\n","protected":false},"author":2,"featured_media":33429,"comment_status":"closed","ping_status":"open","sticky":false,"template":"","format":"standard","meta":{"footnotes":""},"categories":[10],"tags":[29,30,28],"class_list":["post-33428","post","type-post","status-publish","format-standard","has-post-thumbnail","hentry","category-politica","tag-grid","tag-news","tag-slider"],"_links":{"self":[{"href":"https:\/\/elobservatorio.com.mx\/index.php?rest_route=\/wp\/v2\/posts\/33428"}],"collection":[{"href":"https:\/\/elobservatorio.com.mx\/index.php?rest_route=\/wp\/v2\/posts"}],"about":[{"href":"https:\/\/elobservatorio.com.mx\/index.php?rest_route=\/wp\/v2\/types\/post"}],"author":[{"embeddable":true,"href":"https:\/\/elobservatorio.com.mx\/index.php?rest_route=\/wp\/v2\/users\/2"}],"replies":[{"embeddable":true,"href":"https:\/\/elobservatorio.com.mx\/index.php?rest_route=%2Fwp%2Fv2%2Fcomments&post=33428"}],"version-history":[{"count":1,"href":"https:\/\/elobservatorio.com.mx\/index.php?rest_route=\/wp\/v2\/posts\/33428\/revisions"}],"predecessor-version":[{"id":33430,"href":"https:\/\/elobservatorio.com.mx\/index.php?rest_route=\/wp\/v2\/posts\/33428\/revisions\/33430"}],"wp:featuredmedia":[{"embeddable":true,"href":"https:\/\/elobservatorio.com.mx\/index.php?rest_route=\/wp\/v2\/media\/33429"}],"wp:attachment":[{"href":"https:\/\/elobservatorio.com.mx\/index.php?rest_route=%2Fwp%2Fv2%2Fmedia&parent=33428"}],"wp:term":[{"taxonomy":"category","embeddable":true,"href":"https:\/\/elobservatorio.com.mx\/index.php?rest_route=%2Fwp%2Fv2%2Fcategories&post=33428"},{"taxonomy":"post_tag","embeddable":true,"href":"https:\/\/elobservatorio.com.mx\/index.php?rest_route=%2Fwp%2Fv2%2Ftags&post=33428"}],"curies":[{"name":"wp","href":"https:\/\/api.w.org\/{rel}","templated":true}]}}