{"id":33850,"date":"2026-09-03T14:30:01","date_gmt":"2026-09-03T20:30:01","guid":{"rendered":"https:\/\/elobservatorio.com.mx\/?p=33850"},"modified":"2026-09-03T14:30:01","modified_gmt":"2026-09-03T20:30:01","slug":"iffecol-realiza-primera-reunion-con-candidatas-a-embajadora-de-la-feria-de-colima-2026","status":"publish","type":"post","link":"https:\/\/elobservatorio.com.mx\/?p=33850","title":{"rendered":"Iffecol realiza primera reuni\u00f3n con candidatas a Embajadora de la Feria de Colima 2026"},"content":{"rendered":"<p>El Gobierno del Estado de Colima que preside la gobernadora Indira Vizca\u00edno Silva llev\u00f3 a cabo la primera reuni\u00f3n oficial con las aspirantes a Embajadora de la Feria de Todos los Santos 2026 a trav\u00e9s del Instituto de Fomento de Ferias y Exposiciones de Colima, donde el director del Iffecol, Rodolfo Aguilar D\u00e1valos, dio la bienvenida a las nueve participantes y les comparti\u00f3 la informaci\u00f3n m\u00e1s relevante de este certamen.<\/p>\n<p>Las j\u00f3venes que buscan convertirse en Embajadora del m\u00e1ximo festejo anual son: Naomi Mora Reynaga (Armer\u00eda), Akari Sairit Galv\u00e1n Medina (Colima), Brihana Alexa Barajas Guti\u00e9rrez (Coquimatl\u00e1n), Dulce Mar\u00eda Serratos Angulo (Comala), Roc\u00edo de Jes\u00fas Guti\u00e9rrez Guti\u00e9rrez (Cuauht\u00e9moc), Nataly Jurado (Ixtlahuac\u00e1n), Brianda Carolina Peralta Garc\u00eda (Manzanillo), Mar\u00eda Isabel Espinoza Guerrero (Tecom\u00e1n) y Osiris Janice Flores M\u00e9ndez (Villa de \u00c1lvarez).<\/p>\n<p>Las actividades, etapas y din\u00e1micas que formar\u00e1n parte de este certamen que busca reconocer la representaci\u00f3n de las j\u00f3venes y su compromiso con la promoci\u00f3n de las tradiciones, la cultura y la identidad de Colima. Este a\u00f1o, la #FDTLS celebra su edici\u00f3n 87 y en Colima representa una de las tradiciones m\u00e1s importantes del estado, como punto de encuentro para preservar y promover las expresiones culturales, art\u00edsticas, gastron\u00f3micas y de entretenimiento.<\/p>\n","protected":false},"excerpt":{"rendered":"<p>El Gobierno del Estado de Colima que preside la gobernadora Indira Vizca\u00edno Silva llev\u00f3 a cabo la primera reuni\u00f3n oficial con las aspirantes a Embajadora de la Feria de Todos los Santos 2026 a trav\u00e9s del Instituto de Fomento de Ferias y Exposiciones de Colima, donde el director del Iffecol, Rodolfo Aguilar D\u00e1valos, dio la&#8230;<\/p>\n","protected":false},"author":6,"featured_media":33851,"comment_status":"closed","ping_status":"open","sticky":false,"template":"","format":"standard","meta":{"footnotes":""},"categories":[14,16],"tags":[29,30,28],"class_list":["post-33850","post","type-post","status-publish","format-standard","has-post-thumbnail","hentry","category-educacion-y-cultura","category-gobierno","tag-grid","tag-news","tag-slider"],"_links":{"self":[{"href":"https:\/\/elobservatorio.com.mx\/index.php?rest_route=\/wp\/v2\/posts\/33850"}],"collection":[{"href":"https:\/\/elobservatorio.com.mx\/index.php?rest_route=\/wp\/v2\/posts"}],"about":[{"href":"https:\/\/elobservatorio.com.mx\/index.php?rest_route=\/wp\/v2\/types\/post"}],"author":[{"embeddable":true,"href":"https:\/\/elobservatorio.com.mx\/index.php?rest_route=\/wp\/v2\/users\/6"}],"replies":[{"embeddable":true,"href":"https:\/\/elobservatorio.com.mx\/index.php?rest_route=%2Fwp%2Fv2%2Fcomments&post=33850"}],"version-history":[{"count":1,"href":"https:\/\/elobservatorio.com.mx\/index.php?rest_route=\/wp\/v2\/posts\/33850\/revisions"}],"predecessor-version":[{"id":33852,"href":"https:\/\/elobservatorio.com.mx\/index.php?rest_route=\/wp\/v2\/posts\/33850\/revisions\/33852"}],"wp:featuredmedia":[{"embeddable":true,"href":"https:\/\/elobservatorio.com.mx\/index.php?rest_route=\/wp\/v2\/media\/33851"}],"wp:attachment":[{"href":"https:\/\/elobservatorio.com.mx\/index.php?rest_route=%2Fwp%2Fv2%2Fmedia&parent=33850"}],"wp:term":[{"taxonomy":"category","embeddable":true,"href":"https:\/\/elobservatorio.com.mx\/index.php?rest_route=%2Fwp%2Fv2%2Fcategories&post=33850"},{"taxonomy":"post_tag","embeddable":true,"href":"https:\/\/elobservatorio.com.mx\/index.php?rest_route=%2Fwp%2Fv2%2Ftags&post=33850"}],"curies":[{"name":"wp","href":"https:\/\/api.w.org\/{rel}","templated":true}]}}