{"id":3481,"date":"2019-03-27T19:11:49","date_gmt":"2019-03-27T19:11:49","guid":{"rendered":"http:\/\/elobservatorio.com.mx\/egresan-disenadores-capaces-de-enfrentar-los-retos-de-hoy"},"modified":"2019-03-27T19:11:49","modified_gmt":"2019-03-27T19:11:49","slug":"egresan-disenadores-capaces-de-enfrentar-los-retos-de-hoy","status":"publish","type":"post","link":"https:\/\/elobservatorio.com.mx\/?p=3481","title":{"rendered":"Egresan dise\u00f1adores capaces de enfrentar los retos de hoy"},"content":{"rendered":"<p><em>*<\/em><em>\u201cEx\u00edjanse, desaf\u00edense y propongan. Atrev\u00e1monos a so\u00f1ar en grande, tenemos el conocimiento, dedicaci\u00f3n y tiempo para experimentar y demostrar al mundo de qu\u00e9 estamos hechos\u201d: Daniela D\u00e1vila, egresada.<\/em><\/p>\n<p>\u201cUstedes, despu\u00e9s de veintitantos a\u00f1os de luchar y esforzase, pueden decir con orgullo: soy un profesional\u201d, se\u00f1al\u00f3 el coordinador general de Docencia de la Universidad de Colima, Carlos Eduardo Monroy Galindo, al asistir en representaci\u00f3n del rector Jos\u00e9 Eduardo Hern\u00e1ndez Nava a la entrega de 31 certificados de las generaciones 2014-2019 de las licenciaturas en Dise\u00f1o Gr\u00e1fico y Dise\u00f1o Industrial de la Facultad de Arquitectura y Dise\u00f1o.<\/p>\n<p>En su mensaje a los j\u00f3venes egresados, el funcionario reconoci\u00f3 que este tipo de eventos son importantes para la instituci\u00f3n: \u201cLa sensaci\u00f3n de triunfo, \u00e9xito y logro que se respira en estos momentos no se lo deben solamente a una persona, es producto de un conjunto de esfuerzos que gradualmente hicieron que hoy fuese un d\u00eda de victoria para todos los aqu\u00ed presentes, incluyendo a sus familiares y maestros\u201d, enfatiz\u00f3.<\/p>\n<p>Con este acto, dijo Monroy Galindo, \u201ccomienza un nuevo ciclo retador y complejo que depende de su esfuerzo y de lo que hagan o dejen de hacer. Lo que aprendieron en estos cuatro a\u00f1os y medio los deja preparados para el siguiente ciclo. Hoy, para nosotros, no s\u00f3lo son un grupo de licenciados: son hombres y mujeres que saldr\u00e1n a conquistar el mundo\u201d.<\/p>\n<p>En su turno, la directora de la Facultad de Arquitectura y Dise\u00f1o, Martha Ch\u00e1vez Gonz\u00e1lez destac\u00f3 la importancia de los dise\u00f1adores tanto gr\u00e1ficos e industriales en diferentes \u00e1reas de la econom\u00eda moderna, en los \u00e1mbitos editorial, industrial, musical y cinematogr\u00e1fico: \u201cEl \u00e1mbito del Dise\u00f1o es diverso, pero ustedes cierran este ciclo con las bases que la UdeC, a trav\u00e9s de sus maestros les dio, y a partir de las cuales desarrollar\u00e1n todo su potencial\u201d.<\/p>\n<p>Agreg\u00f3 que actualmente nuestro pa\u00eds, y a nivel global, se viven grandes procesos de transici\u00f3n, \u201cpor lo cual es necesario que, ante los retos actuales, el gremio de dise\u00f1adores industriales y gr\u00e1ficos se organice para defender sus derechos laborales y de propiedad intelectual\u201d.<\/p>\n<p>Posteriormente, en su mensaje a nombre de sus compa\u00f1eros de Dise\u00f1o Gr\u00e1fico, la joven Daniela D\u00e1vila Corona agradeci\u00f3 a docentes, directivos y administrativos de la Facultad de Arquitectura, y principalmente a sus familias: \u201cEs nuestro momento para hacer lo que amamos, encontrar y seguir nuestras pasiones y sue\u00f1os. Ex\u00edjanse, desaf\u00edense y propongan. Atrev\u00e1monos a so\u00f1ar en grande, tenemos el conocimiento, dedicaci\u00f3n y tiempo para experimentar y demostrar al mundo de qu\u00e9 estamos hechos\u201d, dijo emocionada.<\/p>\n<p>Por su parte, Francisco Gileta Trujillo, quien habl\u00f3 a nombre propio y de sus compa\u00f1eros de Dise\u00f1o Industrial, agradeci\u00f3 a la UdeC porque durante cuatro a\u00f1os fue como un segundo hogar: \u201cNo pierdan de vista sus metas y sue\u00f1os, recuerden siempre seguir a su coraz\u00f3n. No olviden el impacto que podemos ocasionar en nuestra sociedad y en el ambiente. Hagamos cosas extraordinarias con nuestro talento y conocimientos. En nuestras manos est\u00e1 cambiar el mundo\u201d.<\/p>\n","protected":false},"excerpt":{"rendered":"<p>*\u201cEx\u00edjanse, desaf\u00edense y propongan. Atrev\u00e1monos a so\u00f1ar en grande, tenemos el conocimiento, dedicaci\u00f3n y tiempo para experimentar y demostrar al mundo de qu\u00e9 estamos hechos\u201d: Daniela D\u00e1vila, egresada. \u201cUstedes, despu\u00e9s de veintitantos a\u00f1os de luchar y esforzase, pueden decir con orgullo: soy un profesional\u201d, se\u00f1al\u00f3 el coordinador general de Docencia de la Universidad de Colima,&#8230;<\/p>\n","protected":false},"author":2,"featured_media":3482,"comment_status":"open","ping_status":"open","sticky":false,"template":"","format":"standard","meta":{"footnotes":""},"categories":[14],"tags":[29,30,28],"class_list":["post-3481","post","type-post","status-publish","format-standard","has-post-thumbnail","hentry","category-educacion-y-cultura","tag-grid","tag-news","tag-slider"],"_links":{"self":[{"href":"https:\/\/elobservatorio.com.mx\/index.php?rest_route=\/wp\/v2\/posts\/3481"}],"collection":[{"href":"https:\/\/elobservatorio.com.mx\/index.php?rest_route=\/wp\/v2\/posts"}],"about":[{"href":"https:\/\/elobservatorio.com.mx\/index.php?rest_route=\/wp\/v2\/types\/post"}],"author":[{"embeddable":true,"href":"https:\/\/elobservatorio.com.mx\/index.php?rest_route=\/wp\/v2\/users\/2"}],"replies":[{"embeddable":true,"href":"https:\/\/elobservatorio.com.mx\/index.php?rest_route=%2Fwp%2Fv2%2Fcomments&post=3481"}],"version-history":[{"count":0,"href":"https:\/\/elobservatorio.com.mx\/index.php?rest_route=\/wp\/v2\/posts\/3481\/revisions"}],"wp:featuredmedia":[{"embeddable":true,"href":"https:\/\/elobservatorio.com.mx\/index.php?rest_route=\/wp\/v2\/media\/3482"}],"wp:attachment":[{"href":"https:\/\/elobservatorio.com.mx\/index.php?rest_route=%2Fwp%2Fv2%2Fmedia&parent=3481"}],"wp:term":[{"taxonomy":"category","embeddable":true,"href":"https:\/\/elobservatorio.com.mx\/index.php?rest_route=%2Fwp%2Fv2%2Fcategories&post=3481"},{"taxonomy":"post_tag","embeddable":true,"href":"https:\/\/elobservatorio.com.mx\/index.php?rest_route=%2Fwp%2Fv2%2Ftags&post=3481"}],"curies":[{"name":"wp","href":"https:\/\/api.w.org\/{rel}","templated":true}]}}