{"id":3811,"date":"2019-04-05T18:30:26","date_gmt":"2019-04-05T18:30:26","guid":{"rendered":"http:\/\/elobservatorio.com.mx\/presentan-libro-%e2%80%9cel-vals-de-los-monstruos%e2%80%9d-de-lola-ancira"},"modified":"2019-04-05T18:30:26","modified_gmt":"2019-04-05T18:30:26","slug":"presentan-libro-%e2%80%9cel-vals-de-los-monstruos%e2%80%9d-de-lola-ancira","status":"publish","type":"post","link":"https:\/\/elobservatorio.com.mx\/?p=3811","title":{"rendered":"Presentan libro \u201cEl vals de los monstruos\u201d, de Lola Ancira"},"content":{"rendered":"<p><em>*\u201cVoces que no vienen del inframundo o un de un mundo paralelo al nuestro, pues son tan reales como los pensamientos que hemos decidido callar para tener nuestro entorno en armon\u00eda\u201d: Sujey Navarro, comentarista.<\/em><\/p>\n<p>El Museo Universitario \u201cFernando del Paso\u201d de la Universidad de Colima present\u00f3 esta semana el libro \u201cEl vals de los monstruos\u201d, de Lola Ancira, cuyos relatos evidencian el lado oscuro de la sociedad, mostrando lo grotesco y lo violento de seres que ya no pueden llamarse \u201chumanos\u201d.<\/p>\n<p>Los comentarios estuvieron a cargo de la escritora Sugey Navarro y del artista visual y escritor colimense Rogelio Silva, sin faltar la autora Lola Ancira y Brenda Rosales como moderadora.<\/p>\n<p>Al hablar sobre el libro, Sugey Navarro explic\u00f3 que la autora nos muestra seres que al principio se describen como inhumanos por su aparente falta de sensibilidad, sin \u00e1pice de empat\u00eda, seres con hambre de poder y triunfo infinito, \u201cen un mundo de excesos donde los vac\u00edos brillan m\u00e1s que las riquezas. Voces que no vienen del inframundo o un de un mundo paralelo al nuestro, pues son tan reales como los pensamientos que hemos decidido callar para tener nuestro entorno en armon\u00eda\u201d, dijo.<\/p>\n<p>Se\u00f1al\u00f3 que los monstruos son la envidia, la ira, abandono, decadencia y decepci\u00f3n: \u201cEs una inteligente reproducci\u00f3n infinita de lo que no dejaremos de ser, nuestra parte m\u00e1s oscura reconocida en cada uno de los personajes, los deseos sin la restricci\u00f3n de lo correcto o lo que deber\u00eda de ser\u201d, describi\u00f3.<\/p>\n<p>Rogelio Silva coincidi\u00f3 en que en \u201cEl vals de los monstruos\u201d se aprecia un mon\u00f3logo interno con s\u00edntoma de una perturbaci\u00f3n patol\u00f3gica; \u201cla narraci\u00f3n en segunda persona es quiz\u00e1s el propio personaje mir\u00e1ndose al espejo. Por medio de un lenguaje que privilegia las emociones, Lola Ancira logra meternos en la psique de sus personajes, todos ellos con conflictos sobre la realidad que los rodea\u201d, coment\u00f3.<\/p>\n<p>Reiter\u00f3 que, en los once relatos que componen este libro, pueden verse desde psic\u00f3patas que cargan la semilla del mal, hasta fan\u00e1ticos que se convencen de que sus rituales macabros obedecen a razonamientos s\u00f3lo comprensibles por ellos mismos: \u201cLa locura y los delirios amenizan el baile de las historias\u201d, observ\u00f3.<\/p>\n<p>Por su parte, Lola Ancira explic\u00f3 que su libro tiene varios gui\u00f1os autobiogr\u00e1ficos y que fue un proceso liberador sacar varias cosas de su infancia y de otros momentos de su vida: \u201cSon numerosos los monstruos que no se pueden reconocer con la mirada, y que resultan ser los m\u00e1s peligrosos. Si bien la palabra \u2018monstruo\u2019 incluye deformidades f\u00edsicas y espantosos seres irreales, despu\u00e9s implic\u00f3 actos amorales o despiadados, hechos que pueden tratarse a trav\u00e9s de la psicolog\u00eda y el psicoan\u00e1lisis\u201d, explic\u00f3.<\/p>\n<p>Por eso, dijo la autora, \u201cel lado oscuro de nuestra psique, que tambi\u00e9n comprende nuestras cualidades, se representa a trav\u00e9s de figuras irreales como demonios y esperpentos que reflejan lo que no podemos hacer y lo que anhelamos en la intimidad, es por eso que nos identificamos con ellos\u201d.<\/p>\n<p>Lola Ancira es licenciada en Letras Modernas en Espa\u00f1ol por la Universidad Aut\u00f3noma de Quer\u00e9taro. Ha escrito ensayos, cuentos y rese\u00f1as literarias para medios electr\u00f3nicos e impresos como Tierra Adentro, Laberinto, El Cultural, La Jornada Semanal y Punto de Partida. Es autora de \u201cTusitala de \u00f3bitos\u201d (Pictographia Editorial, 2013) y \u201cEl vals de los monstruos\u201d (FETA, 2018). Fue becaria del FONCA y de la Fundaci\u00f3n para las Letras Mexicanas.<\/p>\n<p>&nbsp;<\/p>\n<p>&nbsp;<\/p>\n","protected":false},"excerpt":{"rendered":"<p>*\u201cVoces que no vienen del inframundo o un de un mundo paralelo al nuestro, pues son tan reales como los pensamientos que hemos decidido callar para tener nuestro entorno en armon\u00eda\u201d: Sujey Navarro, comentarista. El Museo Universitario \u201cFernando del Paso\u201d de la Universidad de Colima present\u00f3 esta semana el libro \u201cEl vals de los monstruos\u201d,&#8230;<\/p>\n","protected":false},"author":2,"featured_media":3812,"comment_status":"open","ping_status":"open","sticky":false,"template":"","format":"standard","meta":{"footnotes":""},"categories":[14],"tags":[29,30,28],"class_list":["post-3811","post","type-post","status-publish","format-standard","has-post-thumbnail","hentry","category-educacion-y-cultura","tag-grid","tag-news","tag-slider"],"_links":{"self":[{"href":"https:\/\/elobservatorio.com.mx\/index.php?rest_route=\/wp\/v2\/posts\/3811"}],"collection":[{"href":"https:\/\/elobservatorio.com.mx\/index.php?rest_route=\/wp\/v2\/posts"}],"about":[{"href":"https:\/\/elobservatorio.com.mx\/index.php?rest_route=\/wp\/v2\/types\/post"}],"author":[{"embeddable":true,"href":"https:\/\/elobservatorio.com.mx\/index.php?rest_route=\/wp\/v2\/users\/2"}],"replies":[{"embeddable":true,"href":"https:\/\/elobservatorio.com.mx\/index.php?rest_route=%2Fwp%2Fv2%2Fcomments&post=3811"}],"version-history":[{"count":0,"href":"https:\/\/elobservatorio.com.mx\/index.php?rest_route=\/wp\/v2\/posts\/3811\/revisions"}],"wp:featuredmedia":[{"embeddable":true,"href":"https:\/\/elobservatorio.com.mx\/index.php?rest_route=\/wp\/v2\/media\/3812"}],"wp:attachment":[{"href":"https:\/\/elobservatorio.com.mx\/index.php?rest_route=%2Fwp%2Fv2%2Fmedia&parent=3811"}],"wp:term":[{"taxonomy":"category","embeddable":true,"href":"https:\/\/elobservatorio.com.mx\/index.php?rest_route=%2Fwp%2Fv2%2Fcategories&post=3811"},{"taxonomy":"post_tag","embeddable":true,"href":"https:\/\/elobservatorio.com.mx\/index.php?rest_route=%2Fwp%2Fv2%2Ftags&post=3811"}],"curies":[{"name":"wp","href":"https:\/\/api.w.org\/{rel}","templated":true}]}}