{"id":3847,"date":"2019-04-06T02:23:06","date_gmt":"2019-04-06T02:23:06","guid":{"rendered":"http:\/\/elobservatorio.com.mx\/no-cantas-bien-abuelita-de-belinda-al-escucharla"},"modified":"2019-04-06T02:23:06","modified_gmt":"2019-04-06T02:23:06","slug":"no-cantas-bien-abuelita-de-belinda-al-escucharla","status":"publish","type":"post","link":"https:\/\/elobservatorio.com.mx\/?p=3847","title":{"rendered":"No cantas bien: Abuelita de Belinda al escucharla"},"content":{"rendered":"<p>*Al escuchar eso, la cantante cambi\u00f3 el timbre y tono su voz, por lo que su abuelita expres\u00f3 su aprobaci\u00f3n<\/p>\n<p><b>Ciudad de M\u00e9xico.-<\/b>\u00a0Belinda comparte muchos momentos de su vida cotidiana a trav\u00e9s de Instagram, muchos de ellos con su abuela, quien por su espontaneidad se ha ganado el cari\u00f1o de los seguidores de la cantante.<\/p>\n<p>En esta ocasi\u00f3n, la int\u00e9rprete comparti\u00f3 unas historias en la red social en donde canta el tema \u00abSon tus perjumenes mujer\u00bb con una voz muy distinta a la habitual.<\/p>\n<p>\u00abNo me gusta como la cantas, con una voz muy rara, esa voz de son de Perjumenes de mujer (..) no la cantas bien\u00bb, expres\u00f3 la abuelita de Belinda.<\/p>\n<p>Al escuchar eso, la cantante cambi\u00f3 el timbre y tono su voz, por lo que su abuelita expres\u00f3 su aprobaci\u00f3n, pero en todo de broma, la cantante nuevamente regres\u00f3 al anterior.<\/p>\n<p>Belinda siempre ha mostrado su sentido del humor cuando tiene oportunidad de hacerlo y los seguidores de su cuenta de Instagram lo agradecen.<\/p>\n<p>Con informaci\u00f3n de Zocalo.com.mx<\/p>\n<p><iframe loading=\"lazy\" title=\"\u201cNo me gusta como cantas\u201d: Abuela de Belinda al escucharla cantar\" width=\"640\" height=\"360\" src=\"https:\/\/www.youtube.com\/embed\/RE8Gy-8SizU?feature=oembed\" frameborder=\"0\" allow=\"accelerometer; autoplay; clipboard-write; encrypted-media; gyroscope; picture-in-picture; web-share\" referrerpolicy=\"strict-origin-when-cross-origin\" allowfullscreen><\/iframe><\/p>\n","protected":false},"excerpt":{"rendered":"<p>*Al escuchar eso, la cantante cambi\u00f3 el timbre y tono su voz, por lo que su abuelita expres\u00f3 su aprobaci\u00f3n Ciudad de M\u00e9xico.-\u00a0Belinda comparte muchos momentos de su vida cotidiana a trav\u00e9s de Instagram, muchos de ellos con su abuela, quien por su espontaneidad se ha ganado el cari\u00f1o de los seguidores de la cantante&#8230;.<\/p>\n","protected":false},"author":2,"featured_media":3848,"comment_status":"open","ping_status":"open","sticky":false,"template":"","format":"standard","meta":{"footnotes":""},"categories":[32],"tags":[29,30,28],"class_list":["post-3847","post","type-post","status-publish","format-standard","has-post-thumbnail","hentry","category-escenario","tag-grid","tag-news","tag-slider"],"_links":{"self":[{"href":"https:\/\/elobservatorio.com.mx\/index.php?rest_route=\/wp\/v2\/posts\/3847"}],"collection":[{"href":"https:\/\/elobservatorio.com.mx\/index.php?rest_route=\/wp\/v2\/posts"}],"about":[{"href":"https:\/\/elobservatorio.com.mx\/index.php?rest_route=\/wp\/v2\/types\/post"}],"author":[{"embeddable":true,"href":"https:\/\/elobservatorio.com.mx\/index.php?rest_route=\/wp\/v2\/users\/2"}],"replies":[{"embeddable":true,"href":"https:\/\/elobservatorio.com.mx\/index.php?rest_route=%2Fwp%2Fv2%2Fcomments&post=3847"}],"version-history":[{"count":0,"href":"https:\/\/elobservatorio.com.mx\/index.php?rest_route=\/wp\/v2\/posts\/3847\/revisions"}],"wp:featuredmedia":[{"embeddable":true,"href":"https:\/\/elobservatorio.com.mx\/index.php?rest_route=\/wp\/v2\/media\/3848"}],"wp:attachment":[{"href":"https:\/\/elobservatorio.com.mx\/index.php?rest_route=%2Fwp%2Fv2%2Fmedia&parent=3847"}],"wp:term":[{"taxonomy":"category","embeddable":true,"href":"https:\/\/elobservatorio.com.mx\/index.php?rest_route=%2Fwp%2Fv2%2Fcategories&post=3847"},{"taxonomy":"post_tag","embeddable":true,"href":"https:\/\/elobservatorio.com.mx\/index.php?rest_route=%2Fwp%2Fv2%2Ftags&post=3847"}],"curies":[{"name":"wp","href":"https:\/\/api.w.org\/{rel}","templated":true}]}}