{"id":3850,"date":"2019-04-06T02:35:03","date_gmt":"2019-04-06T02:35:03","guid":{"rendered":"http:\/\/elobservatorio.com.mx\/zaret-gaytan-nueva-presidenta-de-la-feuc"},"modified":"2019-04-06T02:35:03","modified_gmt":"2019-04-06T02:35:03","slug":"zaret-gaytan-nueva-presidenta-de-la-feuc","status":"publish","type":"post","link":"https:\/\/elobservatorio.com.mx\/?p=3850","title":{"rendered":"Zaret Gayt\u00e1n, nueva presidenta de la FEUC"},"content":{"rendered":"<p><em>\u201cLa FEUC es un s\u00edmbolo de identidad universitaria, un s\u00edmbolo de que uno jam\u00e1s deja de ser universitario\u201d: JEHN.<\/em><\/p>\n<p>El mediod\u00eda de este viernes, el rector Jos\u00e9 Eduardo Hern\u00e1ndez Nava tom\u00f3 protesta al nuevo Comit\u00e9 Ejecutivo Estatal de la Federaci\u00f3n de Egresados de la Universidad de Colima (FEUC) y a su presidenta, Zaret Gayt\u00e1n G\u00f3mez, quienes fueron elegidos de forma un\u00e1nime en la Asamblea Ordinaria del Congreso General de esta federaci\u00f3n, realizado en el Archivo Hist\u00f3rico de esta casa de estudios.<\/p>\n<p>En este acto, el rector dijo que la FEUC \u201ces un s\u00edmbolo de identidad universitaria, un s\u00edmbolo de que uno jam\u00e1s deja de ser universitario, porque lo que se adquiere en la universidad es un aprendizaje de vida y una transformaci\u00f3n del propio ser. Los egresados, como pilar fundamental de la instituci\u00f3n, son nuestra mejor carta de presentaci\u00f3n en la sociedad\u201d.<\/p>\n<p>Asimismo, agradeci\u00f3 a Ciria Salazar, presidenta saliente, \u201cpor su trabajo, empe\u00f1o y compromiso durante su gesti\u00f3n, pues los resultados obtenidos est\u00e1n a la vista. Seguro estoy de que el trabajo del nuevo comit\u00e9 dar\u00e1 continuidad a los proyectos exitosos de la FEUC\u201d.<\/p>\n<p>El rector tambi\u00e9n les pidi\u00f3 que difundan entre los j\u00f3venes egresados programas del nuevo gobierno federal, como el de J\u00f3venes construyendo el futuro, para un mejor ingreso al campo laboral, y promover adem\u00e1s el programa J\u00f3venes escribiendo el futuro, as\u00ed como las carreras de ciencia, tecnolog\u00eda, ingenier\u00eda y matem\u00e1ticas, \u201cque son \u00e1reas donde se est\u00e1 cifrando el futuro y el desarrollo del mundo\u201d.<\/p>\n<p>Antes de ceder la palabra, expres\u00f3 sus mejores deseos al nuevo comit\u00e9; \u201cpor mi parte, les brindar\u00e9 el apoyo necesario para que contin\u00faen con los proyectos en marcha, ya que estoy seguro de que la FEUC continuar\u00e1 siendo el pilar fundamental que permite a la instituci\u00f3n trabajar de la mejor manera posible, en unidad e identidad\u201d.<\/p>\n<p>En su turno, Ciria Margarita Salazar, presidenta saliente, coment\u00f3 que fue un honor presidir la FEUC del 2016 al 2019; \u201cpertenecer a la FEUC es mantener el v\u00ednculo con la UdeC, con su legado y todo lo que significa ser parte de una de las agrupaciones profesionales, sociales, acad\u00e9micas y de opini\u00f3n de mayor influencia en la regi\u00f3n\u201d, afirm\u00f3.<\/p>\n<p>Basados en cuatro ejes de acci\u00f3n: la formaci\u00f3n, promoci\u00f3n laboral, vinculaci\u00f3n y atenci\u00f3n a la comunidad, la expresidenta destac\u00f3 que durante los tres a\u00f1os que estuvo al frente se desarrollaron m\u00e1s de cien cursos y talleres, se otorgaron 800 becas y se promovieron 650 vacantes laborales; adem\u00e1s, a la fecha, se logr\u00f3 la afiliaci\u00f3n de once mil agremiados de todas las carreras y se cuenta con 19 asociaciones, 10 comit\u00e9s municipales y una delegaci\u00f3n for\u00e1nea.<\/p>\n<p>A lo largo de sus casi 34 a\u00f1os de actividad, continu\u00f3 Ciria Salazar, \u201cla FEUC es reconocida como el espacio de los egresados, el lugar donde pueden proponer, crear, donde son escuchados, donde las cosas pueden y van a suceder. Somos el enlace con la UdeC, porque ser universitario es ser FEUC, es llevar el orgullo de pertenecer a la instituci\u00f3n que nos form\u00f3 y darnos a la sociedad a la que nos debemos\u201d.<\/p>\n<p>\u201cLes invito a seguir creyendo en nosotros, en que la sangre universitaria se lleva para siempre y que la instituci\u00f3n que nos form\u00f3 nos sigue uniendo\u201d, concluy\u00f3.<\/p>\n<p>Despu\u00e9s de haber rendido protesta como nueva presidenta, Oriana Zaret Gayt\u00e1n G\u00f3mez agradeci\u00f3 el voto de confianza que le otorgaron para estar al frente de la FEUC; \u201csiento un profundo aprecio, respeto, compromiso y admiraci\u00f3n por esta federaci\u00f3n\u201d, dijo.<\/p>\n<p>Al comit\u00e9 ejecutivo saliente y a la expresidenta les dijo que \u201cse despiden, pero no se van. Aqu\u00ed est\u00e1n, aqu\u00ed estamos todos para hacer fuerte a nuestra Universidad, instituci\u00f3n que nos form\u00f3 y nos forj\u00f3 el car\u00e1cter, y que nos ha brindado un crecimiento profesional y personal a cada uno de nosotros. No nos vamos porque todos somos universitarios y, por lo tanto, todos somos FEUC\u201d.<\/p>\n<p>Gayt\u00e1n G\u00f3mez resalt\u00f3 que su plan de trabajo continuar\u00e1 con los seis ejes que desarroll\u00f3 el comit\u00e9 saliente: oportunidades de formaci\u00f3n, promoci\u00f3n laboral, vinculaci\u00f3n, atenci\u00f3n a la comunidad, a las estructuras y a las empresas, adem\u00e1s de unir tres nuevos ejes: de identidad, uni\u00f3n y proyecci\u00f3n.<\/p>\n<p>\u201cEn un mundo cambiante \u2013a\u00f1adi\u00f3\u2013 nosotros tambi\u00e9n cambiamos y nos adaptamos; participamos, pero conservamos nuestra conciencia cr\u00edtica, la pluralidad del pensamiento y la b\u00fasqueda de la verdad, tal y como nos los marcan nuestros estatutos\u201d.<\/p>\n<p>Finalmente, agradeci\u00f3 el apoyo del rector: \u201cUsted ha sido clave para que la FEUC guarde ahora la posici\u00f3n que tiene; tenga por seguro que este comit\u00e9 no le fallar\u00e1, seguiremos trabajando por visibilizar a\u00fan m\u00e1s a nuestros egresados, posicion\u00e1ndolos y apoy\u00e1ndolos, para as\u00ed engrandecer a la UdeC. Seguiremos demostrando que nuestra instituci\u00f3n es la entidad l\u00edder en el tema educativo, de innovaci\u00f3n e investigaci\u00f3n en nuestra regi\u00f3n\u201d, concluy\u00f3.<\/p>\n<p>Tambi\u00e9n estuvieron, entre otros: Julio C\u00e9sar G\u00f3mez, subsecretario del comit\u00e9 ejecutivo de la FEUC; Joel Nino, presidente de la FEC; Salvador Hern\u00e1ndez por parte del SUTUC; Ana Josefina Cuevas, presidenta de la ACU y Marcelino Baz\u00e1n, presidente de la Asociaci\u00f3n de Jubilados y Pensionados de la UdeC, as\u00ed como los expresidentes de la FEUC:\u00a0 Juan Flores, Carlos Garibay y Vianey Amezcua.<\/p>\n<p>&nbsp;<\/p>\n","protected":false},"excerpt":{"rendered":"<p>\u201cLa FEUC es un s\u00edmbolo de identidad universitaria, un s\u00edmbolo de que uno jam\u00e1s deja de ser universitario\u201d: JEHN. El mediod\u00eda de este viernes, el rector Jos\u00e9 Eduardo Hern\u00e1ndez Nava tom\u00f3 protesta al nuevo Comit\u00e9 Ejecutivo Estatal de la Federaci\u00f3n de Egresados de la Universidad de Colima (FEUC) y a su presidenta, Zaret Gayt\u00e1n G\u00f3mez,&#8230;<\/p>\n","protected":false},"author":2,"featured_media":3851,"comment_status":"open","ping_status":"open","sticky":false,"template":"","format":"standard","meta":{"footnotes":""},"categories":[14],"tags":[29,30,28],"class_list":["post-3850","post","type-post","status-publish","format-standard","has-post-thumbnail","hentry","category-educacion-y-cultura","tag-grid","tag-news","tag-slider"],"_links":{"self":[{"href":"https:\/\/elobservatorio.com.mx\/index.php?rest_route=\/wp\/v2\/posts\/3850"}],"collection":[{"href":"https:\/\/elobservatorio.com.mx\/index.php?rest_route=\/wp\/v2\/posts"}],"about":[{"href":"https:\/\/elobservatorio.com.mx\/index.php?rest_route=\/wp\/v2\/types\/post"}],"author":[{"embeddable":true,"href":"https:\/\/elobservatorio.com.mx\/index.php?rest_route=\/wp\/v2\/users\/2"}],"replies":[{"embeddable":true,"href":"https:\/\/elobservatorio.com.mx\/index.php?rest_route=%2Fwp%2Fv2%2Fcomments&post=3850"}],"version-history":[{"count":0,"href":"https:\/\/elobservatorio.com.mx\/index.php?rest_route=\/wp\/v2\/posts\/3850\/revisions"}],"wp:featuredmedia":[{"embeddable":true,"href":"https:\/\/elobservatorio.com.mx\/index.php?rest_route=\/wp\/v2\/media\/3851"}],"wp:attachment":[{"href":"https:\/\/elobservatorio.com.mx\/index.php?rest_route=%2Fwp%2Fv2%2Fmedia&parent=3850"}],"wp:term":[{"taxonomy":"category","embeddable":true,"href":"https:\/\/elobservatorio.com.mx\/index.php?rest_route=%2Fwp%2Fv2%2Fcategories&post=3850"},{"taxonomy":"post_tag","embeddable":true,"href":"https:\/\/elobservatorio.com.mx\/index.php?rest_route=%2Fwp%2Fv2%2Ftags&post=3850"}],"curies":[{"name":"wp","href":"https:\/\/api.w.org\/{rel}","templated":true}]}}