{"id":4714,"date":"2019-05-10T04:34:35","date_gmt":"2019-05-10T04:34:35","guid":{"rendered":"http:\/\/elobservatorio.com.mx\/celebra-udec-a-mamas-universitarias-en-tecoman"},"modified":"2019-05-10T04:34:35","modified_gmt":"2019-05-10T04:34:35","slug":"celebra-udec-a-mamas-universitarias-en-tecoman","status":"publish","type":"post","link":"https:\/\/elobservatorio.com.mx\/?p=4714","title":{"rendered":"Celebra UdeC a mam\u00e1s universitarias, en Tecom\u00e1n"},"content":{"rendered":"<p><em>*\u201cQu\u00e9 alegr\u00eda nos da festejar a las mam\u00e1s universitarias, que siempre est\u00e1n con un doble trabajo, pues antes de irse a laborar atienden a la familia, a su casa.\u201d: Alicia L\u00f3pez de Hern\u00e1ndez, directora general del CEDEFU.<\/em><\/p>\n<p>En su d\u00eda social, las mam\u00e1s universitarias del campus Tecom\u00e1n fueron agasajadas con un evento que por m\u00e1s de una hora provoc\u00f3 sonrisas, reflexi\u00f3n, esparcimiento y momentos en los que se les reconoci\u00f3 el esfuerzo que realizan al ser madres, trabajadoras, profesionistas, hijas y esposas.<\/p>\n<p>Con una magistral presentaci\u00f3n de la actriz Carmen Solorio, las mam\u00e1s presentes en el Centro de Tecnolog\u00eda Educativa recordaron la aventura que emprendieron al convertirse en madres. Con nost\u00e1lgicas sonrisas y atentas a la lectura dramatizada de dos relatos del libro \u201cLa sombra ni\u00f1a\u201d escrito por Griselda \u00c1lvarez, sobre la ternura de una madre y las preocupaciones y el dolor de soltar a los hijos que ya est\u00e1n listos para emprender sus propios vuelos, las universitarias reflexionaron sobre la dif\u00edcil tarea de ense\u00f1ar a volar, as\u00ed como las preocupaciones que, a pesar de todo, siempre tendr\u00e1 una madre pendiente de sus hijos.<\/p>\n<p>Carmen Solorio tambi\u00e9n represent\u00f3 el mon\u00f3logo \u201cAvisos de ocasi\u00f3n\u201d, en el que dijo que \u201clas mujeres exploraron su lado femenino m\u00e1s all\u00e1 de la maternidad; la madre que no deja de ser mujer, de querer sentirse amada y bella y de entregarse siempre al amor\u201d.<\/p>\n<p>Previo al evento, que concluy\u00f3 con la participaci\u00f3n del grupo \u201cSociedad an\u00f3nima\u201d y melod\u00edas alegres que pusieron a bailar a las asistentes, Alicia L\u00f3pez de Hern\u00e1ndez, \u00a0directora general del CEDEFU, se dirigi\u00f3 a las mam\u00e1s trabajadores para reconocerles el trabajo diario y el esfuerzo que realizan.<\/p>\n<p>\u201cQu\u00e9 alegr\u00eda nos da festejar a las mam\u00e1s universitarias, que siempre est\u00e1n con un doble trabajo, pues antes de irse a laborar atienden a la familia, a su casa. Van al trabajo y regresan a hacer tareas, atienden incluso a su propia mam\u00e1\u201d, reconoci\u00f3.<\/p>\n<p>\u201cLa fuerza que tienen todas y cada una de las madres incluye l\u00e1grimas, sonrisas, abrazos y besos que curan todo, ojos que lo saben todo y ese \u2018te amo\u2019 que llena el alma\u201d, agreg\u00f3.<\/p>\n<p>A nombre del rector Jos\u00e9 Eduardo Hern\u00e1ndez Nava, felicit\u00f3 a las mam\u00e1s, agradeci\u00f3 su presencia y les dese\u00f3 el mejor de los d\u00edas en compa\u00f1\u00eda de sus seres queridos, mientras que, como familia universitaria, fueron ampliamente celebradas.<\/p>\n<p>&nbsp;<\/p>\n<p>&nbsp;<\/p>\n","protected":false},"excerpt":{"rendered":"<p>*\u201cQu\u00e9 alegr\u00eda nos da festejar a las mam\u00e1s universitarias, que siempre est\u00e1n con un doble trabajo, pues antes de irse a laborar atienden a la familia, a su casa.\u201d: Alicia L\u00f3pez de Hern\u00e1ndez, directora general del CEDEFU. En su d\u00eda social, las mam\u00e1s universitarias del campus Tecom\u00e1n fueron agasajadas con un evento que por m\u00e1s&#8230;<\/p>\n","protected":false},"author":2,"featured_media":4715,"comment_status":"open","ping_status":"open","sticky":false,"template":"","format":"standard","meta":{"footnotes":""},"categories":[14],"tags":[29,30,28],"class_list":["post-4714","post","type-post","status-publish","format-standard","has-post-thumbnail","hentry","category-educacion-y-cultura","tag-grid","tag-news","tag-slider"],"_links":{"self":[{"href":"https:\/\/elobservatorio.com.mx\/index.php?rest_route=\/wp\/v2\/posts\/4714"}],"collection":[{"href":"https:\/\/elobservatorio.com.mx\/index.php?rest_route=\/wp\/v2\/posts"}],"about":[{"href":"https:\/\/elobservatorio.com.mx\/index.php?rest_route=\/wp\/v2\/types\/post"}],"author":[{"embeddable":true,"href":"https:\/\/elobservatorio.com.mx\/index.php?rest_route=\/wp\/v2\/users\/2"}],"replies":[{"embeddable":true,"href":"https:\/\/elobservatorio.com.mx\/index.php?rest_route=%2Fwp%2Fv2%2Fcomments&post=4714"}],"version-history":[{"count":0,"href":"https:\/\/elobservatorio.com.mx\/index.php?rest_route=\/wp\/v2\/posts\/4714\/revisions"}],"wp:featuredmedia":[{"embeddable":true,"href":"https:\/\/elobservatorio.com.mx\/index.php?rest_route=\/wp\/v2\/media\/4715"}],"wp:attachment":[{"href":"https:\/\/elobservatorio.com.mx\/index.php?rest_route=%2Fwp%2Fv2%2Fmedia&parent=4714"}],"wp:term":[{"taxonomy":"category","embeddable":true,"href":"https:\/\/elobservatorio.com.mx\/index.php?rest_route=%2Fwp%2Fv2%2Fcategories&post=4714"},{"taxonomy":"post_tag","embeddable":true,"href":"https:\/\/elobservatorio.com.mx\/index.php?rest_route=%2Fwp%2Fv2%2Ftags&post=4714"}],"curies":[{"name":"wp","href":"https:\/\/api.w.org\/{rel}","templated":true}]}}