{"id":5455,"date":"2019-06-10T17:54:30","date_gmt":"2019-06-10T17:54:30","guid":{"rendered":"http:\/\/elobservatorio.com.mx\/clausura-cedefu-taller-%e2%80%9cjuego-aprendo-y-me-nutro%e2%80%9d"},"modified":"2019-06-10T17:54:30","modified_gmt":"2019-06-10T17:54:30","slug":"clausura-cedefu-taller-%e2%80%9cjuego-aprendo-y-me-nutro%e2%80%9d","status":"publish","type":"post","link":"https:\/\/elobservatorio.com.mx\/?p=5455","title":{"rendered":"Clausura CEDEFU taller \u201cJuego, Aprendo y me Nutro\u201d"},"content":{"rendered":"<p><em>*\u201cEs importante que desde peque\u00f1os nuestros hijos aprendan a consumir alimentos sanos e identifiquen los que afectan su salud, pues con ello estamos formando ni\u00f1os sanos y conscientes del cuidado de su cuerpo\u201d: Alicia L\u00f3pez de Hern\u00e1ndez.<\/em><\/p>\n<p>El Centro de Desarrollo de la Familia Universitaria (Cedefu), que forma parte de la Universidad de Colima, a trav\u00e9s de la Direcci\u00f3n de Previsi\u00f3n Asistencial y el Departamento M\u00e9dico, clausur\u00f3 la tercera edici\u00f3n del taller \u201cJuego, Aprendo y me Nutro\u201d, que tiene como objetivo fomentar estilos de vida saludable y modificar malos h\u00e1bitos mediante actividades recreativas de nutrici\u00f3n, deporte, arte y valores.<\/p>\n<p>Durante siete sesiones, 32 ni\u00f1os y ni\u00f1as de cuatro a once a\u00f1os de edad aprendieron a diferenciar la comida chatarra, a consumir nutrientes y la importancia de hacer ejercicio, entre otros temas.<\/p>\n<p>La jefa del Departamento de Nutrici\u00f3n, Gloria Marbella L\u00f3pez Ortiz, mencion\u00f3 que este proyecto surgi\u00f3 gracias al apoyo e inter\u00e9s del Cedefu \u201cpara innovar y presentar proyectos que beneficien la calidad de vida de los hijos e hijas de universitarios y p\u00fablico en general\u201d.<\/p>\n<p>A nombre de sus compa\u00f1eros, el ni\u00f1o Jos\u00e9 Fernando Mercado expres\u00f3 que gracias a este taller aprendi\u00f3 a modificar su manera de comer, as\u00ed como lo importante que es la activaci\u00f3n f\u00edsica: \u201cAprendimos a leer las etiquetas nutricionales de los alimentos, sabemos identificar la cantidad de az\u00facar que contienen, y lo mejor es que esto impact\u00f3 en nuestras familias positivamente, ya que les platicaba de lo que aprend\u00eda en cada sesi\u00f3n\u201d.<\/p>\n<p>Al clausurar el evento, la directora general del Cedefu, Alicia L\u00f3pez de Hern\u00e1ndez, agradeci\u00f3 la confianza de los padres de familia por creer en los proyectos de este centro. \u201cEs importante que desde peque\u00f1os nuestros hijos aprendan a consumir alimentos sanos e identifiquen los que afectan su salud, pues con ello estamos formando ni\u00f1os sanos y conscientes del cuidado de su cuerpo\u201d, concluy\u00f3.<\/p>\n<p>El taller se realiz\u00f3 los \u00faltimos viernes de cada mes y cont\u00f3 con la participaci\u00f3n de nutri\u00f3logas del Cedefu y estudiantes de la Facultad de Pedagog\u00eda, de la Licenciatura de Educaci\u00f3n Especial, as\u00ed como estudiantes de la Licenciatura en Nutrici\u00f3n.<\/p>\n","protected":false},"excerpt":{"rendered":"<p>*\u201cEs importante que desde peque\u00f1os nuestros hijos aprendan a consumir alimentos sanos e identifiquen los que afectan su salud, pues con ello estamos formando ni\u00f1os sanos y conscientes del cuidado de su cuerpo\u201d: Alicia L\u00f3pez de Hern\u00e1ndez. El Centro de Desarrollo de la Familia Universitaria (Cedefu), que forma parte de la Universidad de Colima, a&#8230;<\/p>\n","protected":false},"author":2,"featured_media":5456,"comment_status":"open","ping_status":"open","sticky":false,"template":"","format":"standard","meta":{"footnotes":""},"categories":[14],"tags":[29,30,28],"class_list":["post-5455","post","type-post","status-publish","format-standard","has-post-thumbnail","hentry","category-educacion-y-cultura","tag-grid","tag-news","tag-slider"],"_links":{"self":[{"href":"https:\/\/elobservatorio.com.mx\/index.php?rest_route=\/wp\/v2\/posts\/5455"}],"collection":[{"href":"https:\/\/elobservatorio.com.mx\/index.php?rest_route=\/wp\/v2\/posts"}],"about":[{"href":"https:\/\/elobservatorio.com.mx\/index.php?rest_route=\/wp\/v2\/types\/post"}],"author":[{"embeddable":true,"href":"https:\/\/elobservatorio.com.mx\/index.php?rest_route=\/wp\/v2\/users\/2"}],"replies":[{"embeddable":true,"href":"https:\/\/elobservatorio.com.mx\/index.php?rest_route=%2Fwp%2Fv2%2Fcomments&post=5455"}],"version-history":[{"count":0,"href":"https:\/\/elobservatorio.com.mx\/index.php?rest_route=\/wp\/v2\/posts\/5455\/revisions"}],"wp:featuredmedia":[{"embeddable":true,"href":"https:\/\/elobservatorio.com.mx\/index.php?rest_route=\/wp\/v2\/media\/5456"}],"wp:attachment":[{"href":"https:\/\/elobservatorio.com.mx\/index.php?rest_route=%2Fwp%2Fv2%2Fmedia&parent=5455"}],"wp:term":[{"taxonomy":"category","embeddable":true,"href":"https:\/\/elobservatorio.com.mx\/index.php?rest_route=%2Fwp%2Fv2%2Fcategories&post=5455"},{"taxonomy":"post_tag","embeddable":true,"href":"https:\/\/elobservatorio.com.mx\/index.php?rest_route=%2Fwp%2Fv2%2Ftags&post=5455"}],"curies":[{"name":"wp","href":"https:\/\/api.w.org\/{rel}","templated":true}]}}