{"id":5603,"date":"2019-06-18T16:53:19","date_gmt":"2019-06-18T16:53:19","guid":{"rendered":"http:\/\/elobservatorio.com.mx\/buscan-a-quienes-ultimaron-a-2-e-hirieron-a-5-en-madrid"},"modified":"2019-06-18T16:53:19","modified_gmt":"2019-06-18T16:53:19","slug":"buscan-a-quienes-ultimaron-a-2-e-hirieron-a-5-en-madrid","status":"publish","type":"post","link":"https:\/\/elobservatorio.com.mx\/?p=5603","title":{"rendered":"Buscan a quienes ultimaron a 2 e hirieron a 5 en Madrid"},"content":{"rendered":"<p>Dos personas perdieron la vida y cinco m\u00e1s resultaron lesionadas, tras ser agredidas con disparos de arma de fuego en la Comunidad de Madrid del Municipio de Tecom\u00e1n.<\/p>\n<p>Los hechos ocurrieron la tarde de este lunes en una de las calles de la referida poblaci\u00f3n, cuando personas armadas arribaron y dispararon contra quienes ah\u00ed se encontraban, falleciendo una de las v\u00edctimas en el lugar de los hechos y otra cuando recib\u00eda atenci\u00f3n m\u00e9dica.<\/p>\n<p>Los lesionados en este acontecimiento son atendidos en diferentes cl\u00ednicas de la entidad, mientras la Fiscal\u00eda General de Estado ya se encuentra realizando las investigaciones para esclarecer los hechos y lograr la captura de los responsables.<\/p>\n<p>Sobre este suceso se brindar\u00e1 mayor informaci\u00f3n a la opini\u00f3n p\u00fablica, una vez que avancen las indagatorias y que el momento procesal as\u00ed lo permita, a fin de no entorpecer las diligencias que se vienen realizando.<\/p>\n","protected":false},"excerpt":{"rendered":"<p>Dos personas perdieron la vida y cinco m\u00e1s resultaron lesionadas, tras ser agredidas con disparos de arma de fuego en la Comunidad de Madrid del Municipio de Tecom\u00e1n. Los hechos ocurrieron la tarde de este lunes en una de las calles de la referida poblaci\u00f3n, cuando personas armadas arribaron y dispararon contra quienes ah\u00ed se&#8230;<\/p>\n","protected":false},"author":2,"featured_media":5604,"comment_status":"open","ping_status":"open","sticky":false,"template":"","format":"standard","meta":{"footnotes":""},"categories":[15],"tags":[29,30,28],"class_list":["post-5603","post","type-post","status-publish","format-standard","has-post-thumbnail","hentry","category-seguridad-y-justicia","tag-grid","tag-news","tag-slider"],"_links":{"self":[{"href":"https:\/\/elobservatorio.com.mx\/index.php?rest_route=\/wp\/v2\/posts\/5603"}],"collection":[{"href":"https:\/\/elobservatorio.com.mx\/index.php?rest_route=\/wp\/v2\/posts"}],"about":[{"href":"https:\/\/elobservatorio.com.mx\/index.php?rest_route=\/wp\/v2\/types\/post"}],"author":[{"embeddable":true,"href":"https:\/\/elobservatorio.com.mx\/index.php?rest_route=\/wp\/v2\/users\/2"}],"replies":[{"embeddable":true,"href":"https:\/\/elobservatorio.com.mx\/index.php?rest_route=%2Fwp%2Fv2%2Fcomments&post=5603"}],"version-history":[{"count":0,"href":"https:\/\/elobservatorio.com.mx\/index.php?rest_route=\/wp\/v2\/posts\/5603\/revisions"}],"wp:featuredmedia":[{"embeddable":true,"href":"https:\/\/elobservatorio.com.mx\/index.php?rest_route=\/wp\/v2\/media\/5604"}],"wp:attachment":[{"href":"https:\/\/elobservatorio.com.mx\/index.php?rest_route=%2Fwp%2Fv2%2Fmedia&parent=5603"}],"wp:term":[{"taxonomy":"category","embeddable":true,"href":"https:\/\/elobservatorio.com.mx\/index.php?rest_route=%2Fwp%2Fv2%2Fcategories&post=5603"},{"taxonomy":"post_tag","embeddable":true,"href":"https:\/\/elobservatorio.com.mx\/index.php?rest_route=%2Fwp%2Fv2%2Ftags&post=5603"}],"curies":[{"name":"wp","href":"https:\/\/api.w.org\/{rel}","templated":true}]}}