{"id":5606,"date":"2019-06-18T17:07:55","date_gmt":"2019-06-18T17:07:55","guid":{"rendered":"http:\/\/elobservatorio.com.mx\/se-triplican-casos-de-vihsida-en-adolescentes-y-jovenes-victor-torres-lopez"},"modified":"2019-06-18T17:07:55","modified_gmt":"2019-06-18T17:07:55","slug":"se-triplican-casos-de-vihsida-en-adolescentes-y-jovenes-victor-torres-lopez","status":"publish","type":"post","link":"https:\/\/elobservatorio.com.mx\/?p=5606","title":{"rendered":"Se triplican casos de VIH\/SIDA en adolescentes y j\u00f3venes: V\u00edctor Torres L\u00f3pez"},"content":{"rendered":"<p><em>*M\u00e9xico Quinto lugar a nivel mundial en casos de SIDA.<\/em><\/p>\n<p>CDMX.- El Presidente de la Comisi\u00f3n Mexicana de la Juventud (COMJUVE) en el pa\u00eds, V\u00edctor Torres L\u00f3pez, advirti\u00f3 que se han triplicado los casos en VIH\/SIDA en adolescentes y j\u00f3venes en M\u00e9xico.<\/p>\n<p>El titular nacional de COMJUVE, V\u00edctor Torres se\u00f1al\u00f3 que en el a\u00f1o 2018 se reportaron alrededor de 7 mil 340 contagios en personas de entre 15 y 24 a\u00f1os, un 286% m\u00e1s en comparaci\u00f3n con a\u00f1os anteriores. De acuerdo a datos del Consejo Nacional para la Prevenci\u00f3n y Control de SIDA (CONASIDA).<\/p>\n<p>El 69% de casos de portadores de VIH en M\u00e9xico son j\u00f3venes de entre 20 a 40 a\u00f1os de acuerdo a la base de datos del Centro Nacional para la Prevenci\u00f3n y Control del VIH y SIDA.<\/p>\n<p>Los j\u00f3venes han perdido el miedo a las enfermedades y han dejado de lado los m\u00e9todos anticonceptivos y de protecci\u00f3n, as\u00ed mismo Torres L\u00f3pez coment\u00f3 que el alcohol y las drogas son detonantes para cometer todo tipo de actos que no realizar\u00edan bajo su influencia.<\/p>\n<p>V\u00edctor Torres hizo un llamado a todos los j\u00f3venes de M\u00e9xico a cuidar su salud, a no dejarse llevar por los vicios y sobretodo a usar cond\u00f3n o cualquier medio de protecci\u00f3n as\u00ed como estar acudiendo a las unidades de salud para hacerse chequeos.<\/p>\n","protected":false},"excerpt":{"rendered":"<p>*M\u00e9xico Quinto lugar a nivel mundial en casos de SIDA. CDMX.- El Presidente de la Comisi\u00f3n Mexicana de la Juventud (COMJUVE) en el pa\u00eds, V\u00edctor Torres L\u00f3pez, advirti\u00f3 que se han triplicado los casos en VIH\/SIDA en adolescentes y j\u00f3venes en M\u00e9xico. El titular nacional de COMJUVE, V\u00edctor Torres se\u00f1al\u00f3 que en el a\u00f1o 2018&#8230;<\/p>\n","protected":false},"author":2,"featured_media":5607,"comment_status":"open","ping_status":"open","sticky":false,"template":"","format":"standard","meta":{"footnotes":""},"categories":[12],"tags":[29,30,28],"class_list":["post-5606","post","type-post","status-publish","format-standard","has-post-thumbnail","hentry","category-sociedad","tag-grid","tag-news","tag-slider"],"_links":{"self":[{"href":"https:\/\/elobservatorio.com.mx\/index.php?rest_route=\/wp\/v2\/posts\/5606"}],"collection":[{"href":"https:\/\/elobservatorio.com.mx\/index.php?rest_route=\/wp\/v2\/posts"}],"about":[{"href":"https:\/\/elobservatorio.com.mx\/index.php?rest_route=\/wp\/v2\/types\/post"}],"author":[{"embeddable":true,"href":"https:\/\/elobservatorio.com.mx\/index.php?rest_route=\/wp\/v2\/users\/2"}],"replies":[{"embeddable":true,"href":"https:\/\/elobservatorio.com.mx\/index.php?rest_route=%2Fwp%2Fv2%2Fcomments&post=5606"}],"version-history":[{"count":0,"href":"https:\/\/elobservatorio.com.mx\/index.php?rest_route=\/wp\/v2\/posts\/5606\/revisions"}],"wp:featuredmedia":[{"embeddable":true,"href":"https:\/\/elobservatorio.com.mx\/index.php?rest_route=\/wp\/v2\/media\/5607"}],"wp:attachment":[{"href":"https:\/\/elobservatorio.com.mx\/index.php?rest_route=%2Fwp%2Fv2%2Fmedia&parent=5606"}],"wp:term":[{"taxonomy":"category","embeddable":true,"href":"https:\/\/elobservatorio.com.mx\/index.php?rest_route=%2Fwp%2Fv2%2Fcategories&post=5606"},{"taxonomy":"post_tag","embeddable":true,"href":"https:\/\/elobservatorio.com.mx\/index.php?rest_route=%2Fwp%2Fv2%2Ftags&post=5606"}],"curies":[{"name":"wp","href":"https:\/\/api.w.org\/{rel}","templated":true}]}}