{"id":664,"date":"2018-11-28T04:06:08","date_gmt":"2018-11-28T04:06:08","guid":{"rendered":"http:\/\/elobservatorio.com.mx\/reflexionan-sobre-periodismo-verdad-y-redes-sociales-en-la-udec"},"modified":"2018-11-28T04:06:08","modified_gmt":"2018-11-28T04:06:08","slug":"reflexionan-sobre-periodismo-verdad-y-redes-sociales-en-la-udec","status":"publish","type":"post","link":"https:\/\/elobservatorio.com.mx\/?p=664","title":{"rendered":"Reflexionan sobre Periodismo, verdad y redes sociales, en la UdeC"},"content":{"rendered":"<p><em>*Se realiz\u00f3 la mesa de trabajo \u201cA nombre de la credibilidad\u201d, en el marco del V Encuentro de Comunicaci\u00f3n AMIC.<\/em><\/p>\n<p>Como parte de las actividades del V Encuentro de la Comunicaci\u00f3n \u201cPeriodistas, medios y credibilidad\u201d, que organiz\u00f3 la Asociaci\u00f3n Nacional de Investigadores de la Comunicaci\u00f3n (AMIC) y que tuvo como sede la Universidad de Colima, las estudiantes de la Universidad Vizcaya de las Am\u00e9ricas, Karla Vald\u00e9s y Silvia Torres, y la acad\u00e9mica de la Universidad Aut\u00f3noma de Hidalgo, Mar\u00eda Elena Torres, compartieron sus opiniones en la mesa de trabajo \u201cA nombre de la credibilidad\u201d.<\/p>\n<p>En su participaci\u00f3n, las alumnas hablaron del INEGI como una fuente informaci\u00f3n veraz en Colima. Su hip\u00f3tesis de trabajo fue que son pocos los periodistas que recurren y hacen uso de la informaci\u00f3n del INEGI para elaborar sus notas.<\/p>\n<p>A partir de su trabajo, concluyeron que la credibilidad de los medios ha decrecido a partir del bombardeo de informaci\u00f3n de los medios electr\u00f3nicos y redes sociales y sobre todo de las llamadas fake news o noticias falsas.<\/p>\n<p>Primero realizaron una base de datos de medios de comunicaci\u00f3n en Colima en los que predomina el periodismo digital, y despu\u00e9s identificaron la informaci\u00f3n del INEGI utilizada por dichos medios, la cual fue poca, seg\u00fan dijeron.<\/p>\n<p>En su turno, la investigadora Mar\u00eda Elena Torres comparti\u00f3 algunas reflexiones sobre la forma de hacer periodismo actualmente, as\u00ed como del poder que han adquirido los ciudadanos para \u201cinformar\u201d y compartir acontecimientos no reales en tiempos reales.<\/p>\n<p>Dijo que es necesario sentir \u201cpasi\u00f3n por la veracidad, ver por el bien com\u00fan y hacernos responsables de lo que se informa. Las redes sociales se han convertido en una alternativa period\u00edstica y es all\u00ed donde ha surgido la figura del \u2018periodista ciudadano\u2019, con tel\u00e9fono m\u00f3vil, generando noticias\u201d, precis\u00f3.<\/p>\n<p>A manera de conclusi\u00f3n, dijo que las redes sociales han alentado a la ciudadan\u00eda a proporcionar im\u00e1genes de conflictos, las cuales no han sido captadas por profesionales, \u201clo que no garantiza su veracidad, volviendo desechables la informaci\u00f3n y las fuentes\u201d.<\/p>\n","protected":false},"excerpt":{"rendered":"<p>*Se realiz\u00f3 la mesa de trabajo \u201cA nombre de la credibilidad\u201d, en el marco del V Encuentro de Comunicaci\u00f3n AMIC. Como parte de las actividades del V Encuentro de la Comunicaci\u00f3n \u201cPeriodistas, medios y credibilidad\u201d, que organiz\u00f3 la Asociaci\u00f3n Nacional de Investigadores de la Comunicaci\u00f3n (AMIC) y que tuvo como sede la Universidad de Colima,&#8230;<\/p>\n","protected":false},"author":2,"featured_media":665,"comment_status":"open","ping_status":"open","sticky":false,"template":"","format":"standard","meta":{"footnotes":""},"categories":[14],"tags":[29,30,28],"class_list":["post-664","post","type-post","status-publish","format-standard","has-post-thumbnail","hentry","category-educacion-y-cultura","tag-grid","tag-news","tag-slider"],"_links":{"self":[{"href":"https:\/\/elobservatorio.com.mx\/index.php?rest_route=\/wp\/v2\/posts\/664"}],"collection":[{"href":"https:\/\/elobservatorio.com.mx\/index.php?rest_route=\/wp\/v2\/posts"}],"about":[{"href":"https:\/\/elobservatorio.com.mx\/index.php?rest_route=\/wp\/v2\/types\/post"}],"author":[{"embeddable":true,"href":"https:\/\/elobservatorio.com.mx\/index.php?rest_route=\/wp\/v2\/users\/2"}],"replies":[{"embeddable":true,"href":"https:\/\/elobservatorio.com.mx\/index.php?rest_route=%2Fwp%2Fv2%2Fcomments&post=664"}],"version-history":[{"count":0,"href":"https:\/\/elobservatorio.com.mx\/index.php?rest_route=\/wp\/v2\/posts\/664\/revisions"}],"wp:featuredmedia":[{"embeddable":true,"href":"https:\/\/elobservatorio.com.mx\/index.php?rest_route=\/wp\/v2\/media\/665"}],"wp:attachment":[{"href":"https:\/\/elobservatorio.com.mx\/index.php?rest_route=%2Fwp%2Fv2%2Fmedia&parent=664"}],"wp:term":[{"taxonomy":"category","embeddable":true,"href":"https:\/\/elobservatorio.com.mx\/index.php?rest_route=%2Fwp%2Fv2%2Fcategories&post=664"},{"taxonomy":"post_tag","embeddable":true,"href":"https:\/\/elobservatorio.com.mx\/index.php?rest_route=%2Fwp%2Fv2%2Ftags&post=664"}],"curies":[{"name":"wp","href":"https:\/\/api.w.org\/{rel}","templated":true}]}}