{"id":667,"date":"2018-11-28T04:19:01","date_gmt":"2018-11-28T04:19:01","guid":{"rendered":"http:\/\/elobservatorio.com.mx\/caravana-de-la-activacion-fisica-visito-jardin-de-ninos-%e2%80%9cmanuel-altamirano%e2%80%9d"},"modified":"2018-11-28T04:19:01","modified_gmt":"2018-11-28T04:19:01","slug":"caravana-de-la-activacion-fisica-visito-jardin-de-ninos-%e2%80%9cmanuel-altamirano%e2%80%9d","status":"publish","type":"post","link":"https:\/\/elobservatorio.com.mx\/?p=667","title":{"rendered":"Caravana de la activaci\u00f3n f\u00edsica visit\u00f3 jard\u00edn de ni\u00f1os \u201cManuel Altamirano\u201d"},"content":{"rendered":"<p>La Universidad de Colima, a trav\u00e9s de su Centro de Desarrollo de la Familia Universitaria (CEDEFU) y la Direcci\u00f3n General de Cultura F\u00edsica y Deporte, llev\u00f3 al jard\u00edn de ni\u00f1os \u201cIgnacio Manuel Altamirano\u201d el programa de Activaci\u00f3n F\u00edsica, en el que participaron maestros, alumnos, mamas y papas, e incluso abuelos, todo esto en el marco del d\u00eda Internacional de la Eliminaci\u00f3n de la violencia contra Las Mujeres.<\/p>\n<p>Esta actividad fue catalogada como exitosa por la directora general del CEDEFU, Alicia del Carmen L\u00f3pez de Hern\u00e1ndez, quien dijo que el objetivo se cumpli\u00f3, luego de ver la participaci\u00f3n que tuvieron los padres de familia y la convivencia que se gener\u00f3, ya que el plantel alberga a m\u00e1s de 240 infantes, los cuales en su mayor\u00eda estuvieron acompa\u00f1ados por sus familiares , \u201clo que hace que se cumplan los objetivos del Programa Institucional de Calidad de Vida de la UdeC, que encabeza y respalda el rector Jos\u00e9 Eduardo Hern\u00e1ndez Nava\u201d.<\/p>\n<p>L\u00f3pez de Hern\u00e1ndez destac\u00f3 la importancia del respeto a las mujeres y sobre todo poder transmitir este mensaje a los ni\u00f1os; \u201ces muy valioso, porque estamos luchando contra la violencia hacia las mujeres. Ahora son peque\u00f1as, pero llegar\u00e1 el momento en que formen sus familias, y este gran proyecto del programa Institucional de Calidad de Vida, con la Caravana de la Activaci\u00f3n F\u00edsica, viene impulsando causas que nos benefician a todas y todos\u201d.<\/p>\n<p>Finalmente, la directora general del CEDEFU felicit\u00f3 y agradeci\u00f3 a los participantes, y les record\u00f3 que \u201cen la Universidad de Colima se trabaja con proyectos enfocados en unir a las familias\u201d.<\/p>\n<p>En el evento estuvieron presentes el coordinar del departamento de Educaci\u00f3n F\u00edsica de la SEP, Julio Le\u00f3n; el director general de cultura f\u00edsica y deporte de la UdeC, Tom\u00e1s Torres; la supervisora de la Zona 29 de educaci\u00f3n prescolar, Norma Rodr\u00edguez; las maestras Margarita D\u00edaz, Miriam Gudi\u00f1o y Deisy Villase\u00f1or, adem\u00e1s de la directora del plantel, Carmen Torrez.<\/p>\n","protected":false},"excerpt":{"rendered":"<p>La Universidad de Colima, a trav\u00e9s de su Centro de Desarrollo de la Familia Universitaria (CEDEFU) y la Direcci\u00f3n General de Cultura F\u00edsica y Deporte, llev\u00f3 al jard\u00edn de ni\u00f1os \u201cIgnacio Manuel Altamirano\u201d el programa de Activaci\u00f3n F\u00edsica, en el que participaron maestros, alumnos, mamas y papas, e incluso abuelos, todo esto en el marco&#8230;<\/p>\n","protected":false},"author":2,"featured_media":668,"comment_status":"open","ping_status":"open","sticky":false,"template":"","format":"standard","meta":{"footnotes":""},"categories":[14],"tags":[29,30,28],"class_list":["post-667","post","type-post","status-publish","format-standard","has-post-thumbnail","hentry","category-educacion-y-cultura","tag-grid","tag-news","tag-slider"],"_links":{"self":[{"href":"https:\/\/elobservatorio.com.mx\/index.php?rest_route=\/wp\/v2\/posts\/667"}],"collection":[{"href":"https:\/\/elobservatorio.com.mx\/index.php?rest_route=\/wp\/v2\/posts"}],"about":[{"href":"https:\/\/elobservatorio.com.mx\/index.php?rest_route=\/wp\/v2\/types\/post"}],"author":[{"embeddable":true,"href":"https:\/\/elobservatorio.com.mx\/index.php?rest_route=\/wp\/v2\/users\/2"}],"replies":[{"embeddable":true,"href":"https:\/\/elobservatorio.com.mx\/index.php?rest_route=%2Fwp%2Fv2%2Fcomments&post=667"}],"version-history":[{"count":0,"href":"https:\/\/elobservatorio.com.mx\/index.php?rest_route=\/wp\/v2\/posts\/667\/revisions"}],"wp:featuredmedia":[{"embeddable":true,"href":"https:\/\/elobservatorio.com.mx\/index.php?rest_route=\/wp\/v2\/media\/668"}],"wp:attachment":[{"href":"https:\/\/elobservatorio.com.mx\/index.php?rest_route=%2Fwp%2Fv2%2Fmedia&parent=667"}],"wp:term":[{"taxonomy":"category","embeddable":true,"href":"https:\/\/elobservatorio.com.mx\/index.php?rest_route=%2Fwp%2Fv2%2Fcategories&post=667"},{"taxonomy":"post_tag","embeddable":true,"href":"https:\/\/elobservatorio.com.mx\/index.php?rest_route=%2Fwp%2Fv2%2Ftags&post=667"}],"curies":[{"name":"wp","href":"https:\/\/api.w.org\/{rel}","templated":true}]}}