{"id":670,"date":"2018-11-28T04:42:13","date_gmt":"2018-11-28T04:42:13","guid":{"rendered":"http:\/\/elobservatorio.com.mx\/se-suman-mas-voluntades-al-cedefu-en-la-lucha-contra-el-cancer-infantil"},"modified":"2018-11-28T04:42:13","modified_gmt":"2018-11-28T04:42:13","slug":"se-suman-mas-voluntades-al-cedefu-en-la-lucha-contra-el-cancer-infantil","status":"publish","type":"post","link":"https:\/\/elobservatorio.com.mx\/?p=670","title":{"rendered":"Se suman m\u00e1s voluntades al CEDEFU en la lucha contra el c\u00e1ncer infantil"},"content":{"rendered":"<p>La reina de cachorros del Club de Leones Manzanillo, Danna Carrizales Corona, entreg\u00f3 al Centro de Desarrollo de la Familia Universitaria (CEDEFU) y al Voluntariado de la Universidad de colima, dirigido y presidido respectivamente por Alicia L\u00f3pez de Hern\u00e1ndez, m\u00e1s de 105 mil taparroscas para contribuir a las acciones de mejorar la calidad de vida de ni\u00f1as y ni\u00f1os con c\u00e1ncer que se encuentran en cuidados paliativos.<\/p>\n<p>Con esto, coment\u00f3 L\u00f3pez de Hern\u00e1ndez, \u201cse consolidan las acciones y campa\u00f1as para beneficiar y mejorar la calidad de vida de ni\u00f1os y ni\u00f1as con c\u00e1ncer, as\u00ed como la de sus familiares\u201d.<\/p>\n","protected":false},"excerpt":{"rendered":"<p>La reina de cachorros del Club de Leones Manzanillo, Danna Carrizales Corona, entreg\u00f3 al Centro de Desarrollo de la Familia Universitaria (CEDEFU) y al Voluntariado de la Universidad de colima, dirigido y presidido respectivamente por Alicia L\u00f3pez de Hern\u00e1ndez, m\u00e1s de 105 mil taparroscas para contribuir a las acciones de mejorar la calidad de vida&#8230;<\/p>\n","protected":false},"author":2,"featured_media":671,"comment_status":"open","ping_status":"open","sticky":false,"template":"","format":"standard","meta":{"footnotes":""},"categories":[14],"tags":[29,30,28],"class_list":["post-670","post","type-post","status-publish","format-standard","has-post-thumbnail","hentry","category-educacion-y-cultura","tag-grid","tag-news","tag-slider"],"_links":{"self":[{"href":"https:\/\/elobservatorio.com.mx\/index.php?rest_route=\/wp\/v2\/posts\/670"}],"collection":[{"href":"https:\/\/elobservatorio.com.mx\/index.php?rest_route=\/wp\/v2\/posts"}],"about":[{"href":"https:\/\/elobservatorio.com.mx\/index.php?rest_route=\/wp\/v2\/types\/post"}],"author":[{"embeddable":true,"href":"https:\/\/elobservatorio.com.mx\/index.php?rest_route=\/wp\/v2\/users\/2"}],"replies":[{"embeddable":true,"href":"https:\/\/elobservatorio.com.mx\/index.php?rest_route=%2Fwp%2Fv2%2Fcomments&post=670"}],"version-history":[{"count":0,"href":"https:\/\/elobservatorio.com.mx\/index.php?rest_route=\/wp\/v2\/posts\/670\/revisions"}],"wp:featuredmedia":[{"embeddable":true,"href":"https:\/\/elobservatorio.com.mx\/index.php?rest_route=\/wp\/v2\/media\/671"}],"wp:attachment":[{"href":"https:\/\/elobservatorio.com.mx\/index.php?rest_route=%2Fwp%2Fv2%2Fmedia&parent=670"}],"wp:term":[{"taxonomy":"category","embeddable":true,"href":"https:\/\/elobservatorio.com.mx\/index.php?rest_route=%2Fwp%2Fv2%2Fcategories&post=670"},{"taxonomy":"post_tag","embeddable":true,"href":"https:\/\/elobservatorio.com.mx\/index.php?rest_route=%2Fwp%2Fv2%2Ftags&post=670"}],"curies":[{"name":"wp","href":"https:\/\/api.w.org\/{rel}","templated":true}]}}