{"id":7093,"date":"2019-09-12T02:09:08","date_gmt":"2019-09-12T02:09:08","guid":{"rendered":"http:\/\/elobservatorio.com.mx\/presentan-alumnos-de-la-udec-proyectos-de-investigacion-en-congreso-nacional"},"modified":"2019-09-12T02:09:08","modified_gmt":"2019-09-12T02:09:08","slug":"presentan-alumnos-de-la-udec-proyectos-de-investigacion-en-congreso-nacional","status":"publish","type":"post","link":"https:\/\/elobservatorio.com.mx\/?p=7093","title":{"rendered":"Presentan alumnos de la UdeC proyectos de investigaci\u00f3n en congreso nacional"},"content":{"rendered":"<p><em>*Estudiantes y docentes de Medicina Veterinaria y Zootecnia participaron en el XLIII Congreso Nacional de Buiatr\u00eda realizado en Veracruz.<\/em><\/p>\n<p>Los alumnos Alonso Casta\u00f1eda Niestas y C\u00e9sar Guti\u00e9rrez Ceballos, de la Facultad de Medicina Veterinaria y Zootecnia de la Universidad de Colima, en el campus Tecom\u00e1n, con la asesor\u00eda de los profesores Juan Hern\u00e1ndez Rivera y Rafael Macedo Barrag\u00e1n, participaron en estos d\u00edas con una presentaci\u00f3n tipo cartel, en el XLIII Congreso Nacional de Buiatr\u00eda que se realiz\u00f3 en la ciudad de Boca del R\u00edo, Veracruz.<\/p>\n<p>En entrevista, los catedr\u00e1ticos mencionaron que este evento es organizado por la Asociaci\u00f3n Mexicana de M\u00e9dicos Veterinarios Especialistas en Bovinos, y en \u00e9l participan estudiantes e investigadores de distintos estados del pa\u00eds. La buiatr\u00eda es una rama de la medicina veterinaria especializada en todo lo relacionado con bovinos y rumiantes (salud, producci\u00f3n, reproducci\u00f3n, comercializaci\u00f3n e industrializaci\u00f3n).<\/p>\n<p>Respecto a sus exposiciones tipo cartel, dijeron que los temas expuestos fueron los siguientes: \u201cRespuestas fisiol\u00f3gicas pre y pos muestreo seminal de borregos Merino, Isla Socorro, en tr\u00f3pico\u201d, \u201cEcuaciones de predicci\u00f3n del peso vivo de ovinos Pelibuey a partir de medidas corporales en Colima, M\u00e9xico\u201d y \u201cRespuestas fisiol\u00f3gicas de vacas Holstein en lactaci\u00f3n a dos \u00e9pocas del a\u00f1o bajo la sombra, en el Baj\u00edo\u201d.<\/p>\n<p>El estudiante C\u00e9sar Guti\u00e9rrez coment\u00f3 que su participaci\u00f3n fue la presentaci\u00f3n del proyecto \u201cRespuestas fisiol\u00f3gicas pre y pos muestreo seminal de borregos Merino, Isla Socorro, en tr\u00f3pico\u201d, el cual consiste en obtener semen de los borregos durante las ma\u00f1anas y las tardes y as\u00ed ver si existe alg\u00fan tipo de cambio en cuanto a cantidad del semen, calidad y c\u00e9lulas esperm\u00e1ticas.<\/p>\n<p>\u00abLa investigaci\u00f3n fue realizada durante los meses de transici\u00f3n invierno-primavera, en los cuales observamos que, por las tardes, cuando se hac\u00edan los muestreos, existe cierta actividad que disminuye la productividad espec\u00edfica de semen de los borregos, provocado por un estr\u00e9s cal\u00f3rico moderado, lo que nos ayuda a identificar los momentos en los cuales no deber\u00edamos muestrear a los animales para no afectarlos, desde el punto de vista de su bienestar\u201d, coment\u00f3.<\/p>\n<p>Por su parte, Alonso Casta\u00f1eda present\u00f3 los carteles \u201cRespuestas fisiol\u00f3gicas de vacas Holstein en lactaci\u00f3n a dos \u00e9pocas del a\u00f1o bajo la sombra, en el Baj\u00edo\u201d, cuyo fin es identificar aspectos del medioambiente relacionados con la producci\u00f3n de leche y la actividad reproductiva.<\/p>\n<p>\u201cHemos observado que hay una relaci\u00f3n en cuanto a la \u00e9poca aparentemente m\u00e1s fr\u00eda y la \u00e9poca de m\u00e1s calor. Las condiciones ambientales mejoraron el bienestar de las vacas del grupo de invierno con respecto a las del grupo del verano. Es decir, que el uso de sombras durante el invierno es suficiente para mantener a las vacas sin estr\u00e9s cal\u00f3rico. Asimismo, el grupo de vacas del verano present\u00f3 estr\u00e9s cal\u00f3rico ligero, por lo cual el uso de sistemas de enfriamiento a trav\u00e9s de abanicos, aspersores o la combinaci\u00f3n de ambos puede ayudar a mitigar los efectos negativos del estr\u00e9s durante esta \u00e9poca\u201d, agreg\u00f3.<\/p>\n<p>Sobre la presentaci\u00f3n del cartel \u201cEcuaciones de predicci\u00f3n del peso vivo de ovinos Pelibuey a partir de medidas corporales en Colima, M\u00e9xico\u201d, explic\u00f3 que tiene la finalidad de conocer si el peso vivo de los ovinos se puede predecir a partir de medidas corporales, mediante ecuaciones de regresi\u00f3n.<\/p>\n<p>\u201cEn esta investigaci\u00f3n concluimos que el peso vivo de los ovinos s\u00ed se puede predecir a partir de medidas corporales, siendo en el caso de los machos el per\u00edmetro tor\u00e1cico la variable de estimaci\u00f3n m\u00e1s confiable, mientras que en el caso de las hembras, la precisi\u00f3n del modelo predictivo puede mejorarse utilizando otras medidas corporales como variables adicionales. Esto es de mucha utilidad para quienes no tienen b\u00e1sculas en sus ranchos porque, conociendo este proceso, podr\u00edan medir a los animales y estimar su peso\u201d, explic\u00f3.<\/p>\n<p>Por \u00faltimo, los dos alumnos coincidieron en que participar en un congreso nacional les deja muchos aprendizajes, sobre todo para defender y sustentar su investigaci\u00f3n, adem\u00e1s de que les abre las puertas para establecer comunicaci\u00f3n con investigadores de otras partes del pa\u00eds, solucionar dudas y mejorar su carrera acad\u00e9mica.<\/p>\n<p>&nbsp;<\/p>\n","protected":false},"excerpt":{"rendered":"<p>*Estudiantes y docentes de Medicina Veterinaria y Zootecnia participaron en el XLIII Congreso Nacional de Buiatr\u00eda realizado en Veracruz. Los alumnos Alonso Casta\u00f1eda Niestas y C\u00e9sar Guti\u00e9rrez Ceballos, de la Facultad de Medicina Veterinaria y Zootecnia de la Universidad de Colima, en el campus Tecom\u00e1n, con la asesor\u00eda de los profesores Juan Hern\u00e1ndez Rivera y&#8230;<\/p>\n","protected":false},"author":2,"featured_media":7094,"comment_status":"open","ping_status":"open","sticky":false,"template":"","format":"standard","meta":{"footnotes":""},"categories":[14],"tags":[29,30,28],"class_list":["post-7093","post","type-post","status-publish","format-standard","has-post-thumbnail","hentry","category-educacion-y-cultura","tag-grid","tag-news","tag-slider"],"_links":{"self":[{"href":"https:\/\/elobservatorio.com.mx\/index.php?rest_route=\/wp\/v2\/posts\/7093"}],"collection":[{"href":"https:\/\/elobservatorio.com.mx\/index.php?rest_route=\/wp\/v2\/posts"}],"about":[{"href":"https:\/\/elobservatorio.com.mx\/index.php?rest_route=\/wp\/v2\/types\/post"}],"author":[{"embeddable":true,"href":"https:\/\/elobservatorio.com.mx\/index.php?rest_route=\/wp\/v2\/users\/2"}],"replies":[{"embeddable":true,"href":"https:\/\/elobservatorio.com.mx\/index.php?rest_route=%2Fwp%2Fv2%2Fcomments&post=7093"}],"version-history":[{"count":0,"href":"https:\/\/elobservatorio.com.mx\/index.php?rest_route=\/wp\/v2\/posts\/7093\/revisions"}],"wp:featuredmedia":[{"embeddable":true,"href":"https:\/\/elobservatorio.com.mx\/index.php?rest_route=\/wp\/v2\/media\/7094"}],"wp:attachment":[{"href":"https:\/\/elobservatorio.com.mx\/index.php?rest_route=%2Fwp%2Fv2%2Fmedia&parent=7093"}],"wp:term":[{"taxonomy":"category","embeddable":true,"href":"https:\/\/elobservatorio.com.mx\/index.php?rest_route=%2Fwp%2Fv2%2Fcategories&post=7093"},{"taxonomy":"post_tag","embeddable":true,"href":"https:\/\/elobservatorio.com.mx\/index.php?rest_route=%2Fwp%2Fv2%2Ftags&post=7093"}],"curies":[{"name":"wp","href":"https:\/\/api.w.org\/{rel}","templated":true}]}}