{"id":7096,"date":"2019-09-12T02:13:53","date_gmt":"2019-09-12T02:13:53","guid":{"rendered":"http:\/\/elobservatorio.com.mx\/concluye-academia-internacional-de-musica"},"modified":"2019-09-12T02:13:53","modified_gmt":"2019-09-12T02:13:53","slug":"concluye-academia-internacional-de-musica","status":"publish","type":"post","link":"https:\/\/elobservatorio.com.mx\/?p=7096","title":{"rendered":"Concluye Academia Internacional de M\u00fasica"},"content":{"rendered":"<p><em>*Se recibi\u00f3 la visita del pianista japon\u00e9s Kei Saotom\u00e9 y del violinista ucraniano Alexandre Brussilovsky, quienes tienen destacada trayectoria internacional.<\/em><\/p>\n<p>En d\u00edas pasados se realiz\u00f3 la Academia Internacional de M\u00fasica Colima 2019, con la participaci\u00f3n de reconocidos m\u00fasicos, clases magistrales, conferencias y conciertos a los cuales asistieron las comunidades acad\u00e9micas del Bachillerato T\u00e9cnico en M\u00fasica y de la licenciatura en M\u00fasica de la Universidad de Colima, as\u00ed como j\u00f3venes del Centro Universitario de Bellas Artes de Manzanillo y de la Facultad de M\u00fasica de la UNAM.<\/p>\n<p>En esta ocasi\u00f3n, los profesores Anatoly Zatin y Vlada Vassilieva fungieron como catedr\u00e1ticos y ponentes locales, y se recibi\u00f3 la visita de Kei Saotom\u00e9 y Alexandre Brussilovsky como invitados for\u00e1neos. De los maestros Saotom\u00e9 (pianista de origen japon\u00e9s) y Brussilovsky (violinista oriundo de Ucrania) cabe destacar que ambos tienen una destacada carrera art\u00edstica internacional.<\/p>\n<p>La Academia Internacional de M\u00fasica y el Festival Internacional de Guitarra \u201cGuitarroman\u00eda\u201d, dicen los organizadores de ambos eventos, le dan la oportunidad a la UdeC de contextualizar la calidad de sus interpretaciones a nivel internacional mediante la retroalimentaci\u00f3n y actualizaci\u00f3n de conocimientos en esta disciplina, y la posicionan como un referente en la educaci\u00f3n art\u00edstica.<\/p>\n<p>&nbsp;<\/p>\n","protected":false},"excerpt":{"rendered":"<p>*Se recibi\u00f3 la visita del pianista japon\u00e9s Kei Saotom\u00e9 y del violinista ucraniano Alexandre Brussilovsky, quienes tienen destacada trayectoria internacional. En d\u00edas pasados se realiz\u00f3 la Academia Internacional de M\u00fasica Colima 2019, con la participaci\u00f3n de reconocidos m\u00fasicos, clases magistrales, conferencias y conciertos a los cuales asistieron las comunidades acad\u00e9micas del Bachillerato T\u00e9cnico en M\u00fasica&#8230;<\/p>\n","protected":false},"author":2,"featured_media":7097,"comment_status":"open","ping_status":"open","sticky":false,"template":"","format":"standard","meta":{"footnotes":""},"categories":[14],"tags":[29,30,28],"class_list":["post-7096","post","type-post","status-publish","format-standard","has-post-thumbnail","hentry","category-educacion-y-cultura","tag-grid","tag-news","tag-slider"],"_links":{"self":[{"href":"https:\/\/elobservatorio.com.mx\/index.php?rest_route=\/wp\/v2\/posts\/7096"}],"collection":[{"href":"https:\/\/elobservatorio.com.mx\/index.php?rest_route=\/wp\/v2\/posts"}],"about":[{"href":"https:\/\/elobservatorio.com.mx\/index.php?rest_route=\/wp\/v2\/types\/post"}],"author":[{"embeddable":true,"href":"https:\/\/elobservatorio.com.mx\/index.php?rest_route=\/wp\/v2\/users\/2"}],"replies":[{"embeddable":true,"href":"https:\/\/elobservatorio.com.mx\/index.php?rest_route=%2Fwp%2Fv2%2Fcomments&post=7096"}],"version-history":[{"count":0,"href":"https:\/\/elobservatorio.com.mx\/index.php?rest_route=\/wp\/v2\/posts\/7096\/revisions"}],"wp:featuredmedia":[{"embeddable":true,"href":"https:\/\/elobservatorio.com.mx\/index.php?rest_route=\/wp\/v2\/media\/7097"}],"wp:attachment":[{"href":"https:\/\/elobservatorio.com.mx\/index.php?rest_route=%2Fwp%2Fv2%2Fmedia&parent=7096"}],"wp:term":[{"taxonomy":"category","embeddable":true,"href":"https:\/\/elobservatorio.com.mx\/index.php?rest_route=%2Fwp%2Fv2%2Fcategories&post=7096"},{"taxonomy":"post_tag","embeddable":true,"href":"https:\/\/elobservatorio.com.mx\/index.php?rest_route=%2Fwp%2Fv2%2Ftags&post=7096"}],"curies":[{"name":"wp","href":"https:\/\/api.w.org\/{rel}","templated":true}]}}