{"id":848,"date":"2018-11-30T20:47:25","date_gmt":"2018-11-30T20:47:25","guid":{"rendered":"http:\/\/elobservatorio.com.mx\/asegura-semar-100-kilos-de-cocaina-en-el-puerto-de-manzanillo"},"modified":"2018-11-30T20:47:25","modified_gmt":"2018-11-30T20:47:25","slug":"asegura-semar-100-kilos-de-cocaina-en-el-puerto-de-manzanillo","status":"publish","type":"post","link":"https:\/\/elobservatorio.com.mx\/?p=848","title":{"rendered":"Asegura SEMAR 100 kilos de coca\u00edna en el Puerto de Manzanillo"},"content":{"rendered":"<p><em>*Se encontraron en tres maletas en un contenedor del \u201c WANHAI 613\u201d<\/em><\/p>\n<p>La Secretar\u00eda de Marina-Armada de M\u00e9xico como Autoridad Mar\u00edtima Nacional y en funciones de Guardia Costera informa que el d\u00eda de ayer, personal naval adscrito a la Sexta Regi\u00f3n Naval, en coordinaci\u00f3n con la Aduana Mar\u00edtima de Manzanillo, asegur\u00f3 tres maletas que conten\u00edan en su interior 105 paquetes de polvo blanco con las caracter\u00edsticas similares a la coca\u00edna, con un peso aproximado de 100 kilogramos.<\/p>\n<p>Tras efectuar la revisi\u00f3n a un contenedor que se encontraba en el Recinto Portuario de Manzanillo.<\/p>\n<p>Esta acci\u00f3n se realiz\u00f3 como resultado de trabajos de campo y gabinete, donde se tuvo conocimiento de una presunta carga il\u00edcita en el contenedor del barco \u201c WANHAI 613\u201d , de bandera Singapur, procedente de Guayaquil, Ecuador, por lo que al realizar una inspecci\u00f3n f\u00edsica con los medios t\u00e9cnicos y humanos capacitados, se logr\u00f3 la localizaci\u00f3n de dicha carga.<\/p>\n<p>Lo asegurado ser\u00e1 puesto a disposici\u00f3n de la Procuradur\u00eda General de la Rep\u00fablica para la determinaci\u00f3n del peso ministerial, realizar las pruebas correspondientes e integrar la carpeta de investigaci\u00f3n.<\/p>\n<p>Es importante destacar que, con estas acciones, la Secretar\u00eda de Marina, como Autoridad Mar\u00edtima Nacional, refrenda el compromiso de trabajar en coordinaci\u00f3n con dependencias de los tres \u00f3rdenes de gobierno, para combatir a la delincuencia organizada con los recursos que le provee la Ley, siempre en estricto apego a los Derechos Humanos<\/p>\n","protected":false},"excerpt":{"rendered":"<p>*Se encontraron en tres maletas en un contenedor del \u201c WANHAI 613\u201d La Secretar\u00eda de Marina-Armada de M\u00e9xico como Autoridad Mar\u00edtima Nacional y en funciones de Guardia Costera informa que el d\u00eda de ayer, personal naval adscrito a la Sexta Regi\u00f3n Naval, en coordinaci\u00f3n con la Aduana Mar\u00edtima de Manzanillo, asegur\u00f3 tres maletas que conten\u00edan&#8230;<\/p>\n","protected":false},"author":2,"featured_media":849,"comment_status":"open","ping_status":"open","sticky":false,"template":"","format":"standard","meta":{"footnotes":""},"categories":[15],"tags":[29,30,28],"class_list":["post-848","post","type-post","status-publish","format-standard","has-post-thumbnail","hentry","category-seguridad-y-justicia","tag-grid","tag-news","tag-slider"],"_links":{"self":[{"href":"https:\/\/elobservatorio.com.mx\/index.php?rest_route=\/wp\/v2\/posts\/848"}],"collection":[{"href":"https:\/\/elobservatorio.com.mx\/index.php?rest_route=\/wp\/v2\/posts"}],"about":[{"href":"https:\/\/elobservatorio.com.mx\/index.php?rest_route=\/wp\/v2\/types\/post"}],"author":[{"embeddable":true,"href":"https:\/\/elobservatorio.com.mx\/index.php?rest_route=\/wp\/v2\/users\/2"}],"replies":[{"embeddable":true,"href":"https:\/\/elobservatorio.com.mx\/index.php?rest_route=%2Fwp%2Fv2%2Fcomments&post=848"}],"version-history":[{"count":0,"href":"https:\/\/elobservatorio.com.mx\/index.php?rest_route=\/wp\/v2\/posts\/848\/revisions"}],"wp:featuredmedia":[{"embeddable":true,"href":"https:\/\/elobservatorio.com.mx\/index.php?rest_route=\/wp\/v2\/media\/849"}],"wp:attachment":[{"href":"https:\/\/elobservatorio.com.mx\/index.php?rest_route=%2Fwp%2Fv2%2Fmedia&parent=848"}],"wp:term":[{"taxonomy":"category","embeddable":true,"href":"https:\/\/elobservatorio.com.mx\/index.php?rest_route=%2Fwp%2Fv2%2Fcategories&post=848"},{"taxonomy":"post_tag","embeddable":true,"href":"https:\/\/elobservatorio.com.mx\/index.php?rest_route=%2Fwp%2Fv2%2Ftags&post=848"}],"curies":[{"name":"wp","href":"https:\/\/api.w.org\/{rel}","templated":true}]}}