{"id":886,"date":"2018-12-03T23:41:25","date_gmt":"2018-12-03T23:41:25","guid":{"rendered":"http:\/\/elobservatorio.com.mx\/apoyara-udec-labor-altruista-de-la-asociacion-gilberto-colima-ac"},"modified":"2018-12-03T23:41:25","modified_gmt":"2018-12-03T23:41:25","slug":"apoyara-udec-labor-altruista-de-la-asociacion-gilberto-colima-ac","status":"publish","type":"post","link":"https:\/\/elobservatorio.com.mx\/?p=886","title":{"rendered":"Apoyar\u00e1 UdeC labor altruista de la Asociaci\u00f3n Gilberto Colima, AC"},"content":{"rendered":"<p><em>*Visitaron al rector para que la instituci\u00f3n educativa se sume al sorteo de fin de a\u00f1o con el que buscan recaudar fondos para apoyar a las personas vulnerables del estado.<\/em><\/p>\n<p>Integrantes de la Asociaci\u00f3n Gilberto AC, encabezadas por su presidenta Patricia Ceballos Llerenas, visitaron a Jos\u00e9 Eduardo Hern\u00e1ndez Nava, rector de la Universidad de Colima, para informarle de las acciones que realizan y solicitar el apoyo institucional para el fortalecimiento de sus labores altruistas.<\/p>\n<p>Patricia Ceballos coment\u00f3 que esta asociaci\u00f3n civil, de alcances nacionales, trabaja en rubros como la vivienda, la educaci\u00f3n y la salud, en beneficio de personas vulnerables. Las 24 personas que la integran aqu\u00ed en Colima, dijo, se dedican a recaudar fondos para apoyar, por ejemplo, con l\u00e1minas, sillas de ruedas, ropa y terapia emocional, a gente que lo necesite y que no tenga los recursos suficientes para enfrentar sus problemas.<\/p>\n<p>Al rector le pidieron, como en otras ocasiones, que la UdeC las ayude con la venta o compra de boletos para su sorteo \u201cAguinaldo Gilberto\u201d 2018, con un costo de cien pesos cada uno y que otorgar\u00e1 un premio de 50 mil pesos el pr\u00f3ximo 18 de diciembre a la persona cuyo boleto coincida con el premio mayor de la Loter\u00eda Nacional de ese d\u00eda.<\/p>\n<p>El rector Hern\u00e1ndez Nava felicit\u00f3 a las integrantes de la Asociaci\u00f3n por el trabajo que realizan a favor de los colimenses m\u00e1s vulnerables, agreg\u00f3 que en la Universidad de Colima siempre ha existido la disposici\u00f3n de apoyar estas acciones y que en esta ocasi\u00f3n lo har\u00e1 a trav\u00e9s del Centro de Desarrollo de la Familia Universitaria (CEDEFU).<\/p>\n<p>Por la Asociaci\u00f3n Gilberto Colima AC, acudieron a la visita las se\u00f1oras Marcela Gait\u00e1n, Itza Morales, Carmelita Espinoza, Gloria Sol\u00eds, Lizzie Moreno y Refugio de Anda.<\/p>\n<p>Por la UdeC estuvieron Margarita Gonz\u00e1lez, secretaria particular del rector; Jos\u00e9 Luis Ram\u00edrez, secretario t\u00e9cnico de Rector\u00eda y Vianey Amezcua, coordinadora general de comunicaci\u00f3n Social.<\/p>\n<p>&nbsp;<\/p>\n","protected":false},"excerpt":{"rendered":"<p>*Visitaron al rector para que la instituci\u00f3n educativa se sume al sorteo de fin de a\u00f1o con el que buscan recaudar fondos para apoyar a las personas vulnerables del estado. Integrantes de la Asociaci\u00f3n Gilberto AC, encabezadas por su presidenta Patricia Ceballos Llerenas, visitaron a Jos\u00e9 Eduardo Hern\u00e1ndez Nava, rector de la Universidad de Colima,&#8230;<\/p>\n","protected":false},"author":2,"featured_media":887,"comment_status":"open","ping_status":"open","sticky":false,"template":"","format":"standard","meta":{"footnotes":""},"categories":[14],"tags":[29,30,28],"class_list":["post-886","post","type-post","status-publish","format-standard","has-post-thumbnail","hentry","category-educacion-y-cultura","tag-grid","tag-news","tag-slider"],"_links":{"self":[{"href":"https:\/\/elobservatorio.com.mx\/index.php?rest_route=\/wp\/v2\/posts\/886"}],"collection":[{"href":"https:\/\/elobservatorio.com.mx\/index.php?rest_route=\/wp\/v2\/posts"}],"about":[{"href":"https:\/\/elobservatorio.com.mx\/index.php?rest_route=\/wp\/v2\/types\/post"}],"author":[{"embeddable":true,"href":"https:\/\/elobservatorio.com.mx\/index.php?rest_route=\/wp\/v2\/users\/2"}],"replies":[{"embeddable":true,"href":"https:\/\/elobservatorio.com.mx\/index.php?rest_route=%2Fwp%2Fv2%2Fcomments&post=886"}],"version-history":[{"count":0,"href":"https:\/\/elobservatorio.com.mx\/index.php?rest_route=\/wp\/v2\/posts\/886\/revisions"}],"wp:featuredmedia":[{"embeddable":true,"href":"https:\/\/elobservatorio.com.mx\/index.php?rest_route=\/wp\/v2\/media\/887"}],"wp:attachment":[{"href":"https:\/\/elobservatorio.com.mx\/index.php?rest_route=%2Fwp%2Fv2%2Fmedia&parent=886"}],"wp:term":[{"taxonomy":"category","embeddable":true,"href":"https:\/\/elobservatorio.com.mx\/index.php?rest_route=%2Fwp%2Fv2%2Fcategories&post=886"},{"taxonomy":"post_tag","embeddable":true,"href":"https:\/\/elobservatorio.com.mx\/index.php?rest_route=%2Fwp%2Fv2%2Ftags&post=886"}],"curies":[{"name":"wp","href":"https:\/\/api.w.org\/{rel}","templated":true}]}}