{"id":927,"date":"2018-12-04T20:41:09","date_gmt":"2018-12-04T20:41:09","guid":{"rendered":"http:\/\/elobservatorio.com.mx\/nombran-a-investigador-de-la-udec-miembro-del-comite-ejecutivo-del-pacific-circle-consortium"},"modified":"2018-12-04T20:41:09","modified_gmt":"2018-12-04T20:41:09","slug":"nombran-a-investigador-de-la-udec-miembro-del-comite-ejecutivo-del-pacific-circle-consortium","status":"publish","type":"post","link":"https:\/\/elobservatorio.com.mx\/?p=927","title":{"rendered":"Nombran a investigador de la UdeC miembro  del comit\u00e9 ejecutivo del Pacific Circle Consortium"},"content":{"rendered":"<p><em>*Por su destacada trayectoria y constante participaci\u00f3n en este organismo internacional, el Dr. Ernesto Rangel integrar\u00e1 este comit\u00e9 ejecutivo del 2018 al 2020.<\/em><\/p>\n<p>El doctor Jos\u00e9 Ernesto Rangel Delgado, director del Centro Universitario de Estudios e Investigaciones sobre la Cuenca del Pac\u00edfico (CUEICP) de la Universidad de Colima, fue electo como miembro del comit\u00e9 ejecutivo del Pacific Circle Consortium (PCC), durante el periodo 2018-2020, por su destacada trayectoria y constante participaci\u00f3n en este organismo internacional.<\/p>\n<p>El Pacific Circle Consortium (PCC) se estableci\u00f3 en 1977 como una iniciativa de cooperaci\u00f3n internacional entre instituciones de investigaci\u00f3n y desarrollo educativo de la regi\u00f3n Pac\u00edfico. Lo integran pa\u00edses como Australia, Nueva Zelanda, China, Hong Kong SAR, Jap\u00f3n, Corea del Sur, Malasia, Taiw\u00e1n, Tailandia, Sri Lanka, varios estados de los Estados Unidos, Vietnam, Canad\u00e1, Letonia y M\u00e9xico.<\/p>\n<p>Alexis Siteine, presidente del comit\u00e9 ejecutivo del C\u00edrculo Consorcio del Pac\u00edfico, dijo en una carta dirigida al rector de la Universidad de Colima, Jos\u00e9 Eduardo Hern\u00e1ndez Nava, que \u201cestamos encantados de que el Profesor Rangel est\u00e9 en posici\u00f3n de asumir este rol, que anticipamos ser\u00e1 de Beneficio mutuo, tanto para el PCC como para la Universidad de Colima\u201d.<\/p>\n<p>Tras enterarse, el rector Hern\u00e1ndez Nava felicit\u00f3 al investigador universitario por el nombramiento, \u201cque estoy seguro \u2013le escribi\u00f3\u2013 desempe\u00f1ar\u00e1 con satisfacci\u00f3n\u201d.<\/p>\n<p>En entrevista, Ernesto Rangel Delgado dijo que \u201ctanto en lo personal como en lo institucional, este nombramiento implica un reconocimiento internacional a la Universidad de Colima y sus acad\u00e9micos. Internacional, porque el Pacific Circle Consortium es una organizaci\u00f3n alrededor del Oc\u00e9ano Pac\u00edfico que ha mostrado estrechas relaciones con instancias como la OCDE e Instituciones de Educaci\u00f3n de EEUU, Jap\u00f3n, Australia, Nueva Zelanda, Canad\u00e1, Corea del Sur, China, Samoa, Taiw\u00e1n, Fidji, Malasia, Tailandia, Reino Unido, Sri Lanka, Vietnam, Lituania, Rusia, Nepal, Ecuador y M\u00e9xico\u201d.<\/p>\n<p>Su participaci\u00f3n en esta junta directiva, finaliz\u00f3 el tambi\u00e9n director del Centro APEC de la UdeC, \u201clleva la tarea de darle sentido a los esfuerzos de los educadores interesados en la investigaci\u00f3n de la educaci\u00f3n, como el medio id\u00f3neo para el logro de un mejor desarrollo de los pa\u00edses involucrados y su mutuo entendimiento, que es a la vez objetivo del PCC\u201d.<\/p>\n<p>&nbsp;<\/p>\n<p>&nbsp;<\/p>\n","protected":false},"excerpt":{"rendered":"<p>*Por su destacada trayectoria y constante participaci\u00f3n en este organismo internacional, el Dr. Ernesto Rangel integrar\u00e1 este comit\u00e9 ejecutivo del 2018 al 2020. El doctor Jos\u00e9 Ernesto Rangel Delgado, director del Centro Universitario de Estudios e Investigaciones sobre la Cuenca del Pac\u00edfico (CUEICP) de la Universidad de Colima, fue electo como miembro del comit\u00e9 ejecutivo&#8230;<\/p>\n","protected":false},"author":2,"featured_media":928,"comment_status":"open","ping_status":"open","sticky":false,"template":"","format":"standard","meta":{"footnotes":""},"categories":[14],"tags":[29,30,28],"class_list":["post-927","post","type-post","status-publish","format-standard","has-post-thumbnail","hentry","category-educacion-y-cultura","tag-grid","tag-news","tag-slider"],"_links":{"self":[{"href":"https:\/\/elobservatorio.com.mx\/index.php?rest_route=\/wp\/v2\/posts\/927"}],"collection":[{"href":"https:\/\/elobservatorio.com.mx\/index.php?rest_route=\/wp\/v2\/posts"}],"about":[{"href":"https:\/\/elobservatorio.com.mx\/index.php?rest_route=\/wp\/v2\/types\/post"}],"author":[{"embeddable":true,"href":"https:\/\/elobservatorio.com.mx\/index.php?rest_route=\/wp\/v2\/users\/2"}],"replies":[{"embeddable":true,"href":"https:\/\/elobservatorio.com.mx\/index.php?rest_route=%2Fwp%2Fv2%2Fcomments&post=927"}],"version-history":[{"count":0,"href":"https:\/\/elobservatorio.com.mx\/index.php?rest_route=\/wp\/v2\/posts\/927\/revisions"}],"wp:featuredmedia":[{"embeddable":true,"href":"https:\/\/elobservatorio.com.mx\/index.php?rest_route=\/wp\/v2\/media\/928"}],"wp:attachment":[{"href":"https:\/\/elobservatorio.com.mx\/index.php?rest_route=%2Fwp%2Fv2%2Fmedia&parent=927"}],"wp:term":[{"taxonomy":"category","embeddable":true,"href":"https:\/\/elobservatorio.com.mx\/index.php?rest_route=%2Fwp%2Fv2%2Fcategories&post=927"},{"taxonomy":"post_tag","embeddable":true,"href":"https:\/\/elobservatorio.com.mx\/index.php?rest_route=%2Fwp%2Fv2%2Ftags&post=927"}],"curies":[{"name":"wp","href":"https:\/\/api.w.org\/{rel}","templated":true}]}}