{"id":988,"date":"2018-12-05T02:25:16","date_gmt":"2018-12-05T02:25:16","guid":{"rendered":"http:\/\/elobservatorio.com.mx\/brindan-concierto-con-causa-la-orquesta-colorado-naranjo-y-univerdanza"},"modified":"2018-12-05T02:25:16","modified_gmt":"2018-12-05T02:25:16","slug":"brindan-concierto-con-causa-la-orquesta-colorado-naranjo-y-univerdanza","status":"publish","type":"post","link":"https:\/\/elobservatorio.com.mx\/?p=988","title":{"rendered":"Brindan concierto con causa la Orquesta  Colorado Naranjo y Univerdanza"},"content":{"rendered":"<p><em>*Un porcentaje de las ventas obtenidas en las dos funciones se destinar\u00e1 a la compra de juguetes para ni\u00f1os y ni\u00f1as de albergues y hospitales en este mes navide\u00f1o.<\/em><\/p>\n<p>Con la direcci\u00f3n de los hermanos Horacio y Miguel Naranjo Huerta, la Orquesta Colorado Naranjo celebr\u00f3 sus 88 a\u00f1os de vida con un Concierto de Gala que conmovi\u00f3 al p\u00fablico del Teatro Universitario que asisti\u00f3 a sus dos funciones, este fin de semana.<\/p>\n<p>La tambi\u00e9n reconocida como una de las grandes instituciones musicales de Colima, interpret\u00f3 \u00e9xitos de distintas \u00e9pocas y pa\u00edses, como \u201cHey Jude\u201d, de Los Beatles; \u201cHasta que te conoc\u00ed\u201d, de Juan Gabriel; \u201cMil horas\u201d, de la Sonora Dinamita; \u201cLa vida es un carnaval\u201d, que interpretraa Celia Cruz y\u00a0 \u201cA mi manera\u201d,\u00a0 famosa en la voz de Frank Sinatra.<\/p>\n<p>Adem\u00e1s de la m\u00fasica, el espect\u00e1culo luci\u00f3 m\u00e1s con un ingenioso juego de luces y la participaci\u00f3n de Univerdanza, compa\u00f1\u00eda de danza contempor\u00e1nea de la Universidad de Colima. El trabajo de ambas agrupaciones en un mismo escenario fue digno del disfrute.<\/p>\n<p>Fernando Macedo Cruz, coordinador general de Extensi\u00f3n, acudi\u00f3 en representaci\u00f3n del rector Jos\u00e9 Eduardo Hern\u00e1ndez Nava. En su discurso, coment\u00f3 que \u201cla UdeC continuar\u00e1 apoyando propuestas culturales como la que se presenci\u00f3 y disfrut\u00f3 esa noche\u201d.<\/p>\n<p>Felicit\u00f3 a los m\u00fasicos que integran la orquesta \u201cpor regalar a la audiencia una emotiva noche en este escenario universitario y contagiar de emoci\u00f3n al escucharles\u201d, as\u00ed como a Univerdanza, \u201cpor una excelente ejecuci\u00f3n de las coreograf\u00edas que acompa\u00f1aron la m\u00fasica del concierto\u201d.<\/p>\n<p>La uni\u00f3n de esfuerzos entre la Orquesta y la Universidad de Colima, a trav\u00e9s del Centro de Desarrollo de la Familia Universitaria (Cedefu) y la Direcci\u00f3n General de Difusi\u00f3n Cultural, logr\u00f3 hacer del concierto una noche con causa, ya que un porcentaje de las ventas obtenidas en ambas funciones se destinar\u00e1 a la compra de juguetes para ni\u00f1os y ni\u00f1as de albergues y hospitales en este mes navide\u00f1o.<\/p>\n","protected":false},"excerpt":{"rendered":"<p>*Un porcentaje de las ventas obtenidas en las dos funciones se destinar\u00e1 a la compra de juguetes para ni\u00f1os y ni\u00f1as de albergues y hospitales en este mes navide\u00f1o. Con la direcci\u00f3n de los hermanos Horacio y Miguel Naranjo Huerta, la Orquesta Colorado Naranjo celebr\u00f3 sus 88 a\u00f1os de vida con un Concierto de Gala&#8230;<\/p>\n","protected":false},"author":2,"featured_media":989,"comment_status":"open","ping_status":"open","sticky":false,"template":"","format":"standard","meta":{"footnotes":""},"categories":[14,32],"tags":[29,30,28],"class_list":["post-988","post","type-post","status-publish","format-standard","has-post-thumbnail","hentry","category-educacion-y-cultura","category-escenario","tag-grid","tag-news","tag-slider"],"_links":{"self":[{"href":"https:\/\/elobservatorio.com.mx\/index.php?rest_route=\/wp\/v2\/posts\/988"}],"collection":[{"href":"https:\/\/elobservatorio.com.mx\/index.php?rest_route=\/wp\/v2\/posts"}],"about":[{"href":"https:\/\/elobservatorio.com.mx\/index.php?rest_route=\/wp\/v2\/types\/post"}],"author":[{"embeddable":true,"href":"https:\/\/elobservatorio.com.mx\/index.php?rest_route=\/wp\/v2\/users\/2"}],"replies":[{"embeddable":true,"href":"https:\/\/elobservatorio.com.mx\/index.php?rest_route=%2Fwp%2Fv2%2Fcomments&post=988"}],"version-history":[{"count":0,"href":"https:\/\/elobservatorio.com.mx\/index.php?rest_route=\/wp\/v2\/posts\/988\/revisions"}],"wp:featuredmedia":[{"embeddable":true,"href":"https:\/\/elobservatorio.com.mx\/index.php?rest_route=\/wp\/v2\/media\/989"}],"wp:attachment":[{"href":"https:\/\/elobservatorio.com.mx\/index.php?rest_route=%2Fwp%2Fv2%2Fmedia&parent=988"}],"wp:term":[{"taxonomy":"category","embeddable":true,"href":"https:\/\/elobservatorio.com.mx\/index.php?rest_route=%2Fwp%2Fv2%2Fcategories&post=988"},{"taxonomy":"post_tag","embeddable":true,"href":"https:\/\/elobservatorio.com.mx\/index.php?rest_route=%2Fwp%2Fv2%2Ftags&post=988"}],"curies":[{"name":"wp","href":"https:\/\/api.w.org\/{rel}","templated":true}]}}