{"id":994,"date":"2018-12-05T02:36:00","date_gmt":"2018-12-05T02:36:00","guid":{"rendered":"http:\/\/elobservatorio.com.mx\/abordan-la-credibilidad-en-medios-informativos"},"modified":"2018-12-05T02:36:00","modified_gmt":"2018-12-05T02:36:00","slug":"abordan-la-credibilidad-en-medios-informativos","status":"publish","type":"post","link":"https:\/\/elobservatorio.com.mx\/?p=994","title":{"rendered":"Abordan la credibilidad en medios informativos"},"content":{"rendered":"<p><em>*Concluy\u00f3 el Quinto Encuentro regional de la Asociaci\u00f3n Mexicana de Investigadores de la Comunicaci\u00f3n (AMIC), con una conferencia de Pablo Ju\u00e1rez.<\/em><\/p>\n<p>Para dar por concluido el Quinto Encuentro regional de la Asociaci\u00f3n Mexicana de Investigadores de la Comunicaci\u00f3n (AMIC), del cual fue sede la Universidad de Colima, el experto en medios, audiencias y confianza, Ernesto Pablo Ju\u00e1rez Mel\u00e9ndez dict\u00f3 la conferencia \u201cCredibilidad: Los restos de una teor\u00eda inc\u00f3moda para los medios informativos de M\u00e9xico y Latinoam\u00e9rica\u201d, en la que expuso los hallazgos recientes hechos en foros de discusi\u00f3n, ante fen\u00f3menos informativos y su relaci\u00f3n con la confianza de las audiencias.<\/p>\n<p>Ju\u00e1rez Mel\u00e9ndez, profesor investigador de la Universidad Tecnol\u00f3gica de Ciudad Ju\u00e1rez, maestro en Comunicaci\u00f3n y doctor en Ciencias Sociales, comparti\u00f3 sus m\u00faltiples observaciones y an\u00e1lisis sobre la credibilidad, el sentido com\u00fan, la confianza, y habl\u00f3 de las teor\u00edas e investigaciones de colegas y periodistas analistas.<\/p>\n<p>Cit\u00f3, entre otros, a estudiosos del fen\u00f3meno comunicativo como Yarid Spark, Carl Hovland, Stuart Hall, Piere Bordeaux, Grossberg, Manuel Castells, y a los mexicanos Jorge A. Gonz\u00e1lez, Gerardo Albarr\u00e1n, Silvia Molina, Rosal\u00eda Winocur, Rafael Ahumada y Guillermo Orozco G\u00f3mez.<\/p>\n<p>En su amplia y nutrida charla mostr\u00f3 el constructo aristot\u00e9lico de la credibilidad, un tri\u00e1ngulo cuya base est\u00e1 formada por dos v\u00e9rtices, uno de ellos es el car\u00e1cter (integridad), el otro es la buena voluntad (empat\u00eda) y la punta es el conocimiento de quien habla (sabe de lo que habla).<\/p>\n<p>Abord\u00f3 la discusi\u00f3n que mantienen los expertos acerca de qu\u00e9 medio resulta m\u00e1s cre\u00edble, si la radio o la televisi\u00f3n y cit\u00f3 a Rosal\u00eda Winocur para decir que la radio resuta m\u00e1s cre\u00edble porque incluye, sin filtros, testimonios de protagonistas o testimonios de afectados y radioescuchas, as\u00ed como la interpelaci\u00f3n de funcionarios p\u00fablicos, activistas sociales y un servicio de informaci\u00f3n confiable con apoyo de profesionales o funcionarios p\u00fablicos para asesorar distintos problemas.<\/p>\n<p>Recomend\u00f3, a quienes deseen sumergirse en la investigaci\u00f3n de la credibilidad, los trabajos de Metzger MJ, Andrew Flanagin y de Jorg Matthes, autor de \u201cLos fundamentos afectivos de las percepciones de medios hostiles. Explorando los efectos distintivos de la afectaci\u00f3n afectiva y cognitiva\u201d.<\/p>\n<p>&nbsp;<\/p>\n","protected":false},"excerpt":{"rendered":"<p>*Concluy\u00f3 el Quinto Encuentro regional de la Asociaci\u00f3n Mexicana de Investigadores de la Comunicaci\u00f3n (AMIC), con una conferencia de Pablo Ju\u00e1rez. Para dar por concluido el Quinto Encuentro regional de la Asociaci\u00f3n Mexicana de Investigadores de la Comunicaci\u00f3n (AMIC), del cual fue sede la Universidad de Colima, el experto en medios, audiencias y confianza, Ernesto&#8230;<\/p>\n","protected":false},"author":2,"featured_media":995,"comment_status":"open","ping_status":"open","sticky":false,"template":"","format":"standard","meta":{"footnotes":""},"categories":[14],"tags":[29,30,28],"class_list":["post-994","post","type-post","status-publish","format-standard","has-post-thumbnail","hentry","category-educacion-y-cultura","tag-grid","tag-news","tag-slider"],"_links":{"self":[{"href":"https:\/\/elobservatorio.com.mx\/index.php?rest_route=\/wp\/v2\/posts\/994"}],"collection":[{"href":"https:\/\/elobservatorio.com.mx\/index.php?rest_route=\/wp\/v2\/posts"}],"about":[{"href":"https:\/\/elobservatorio.com.mx\/index.php?rest_route=\/wp\/v2\/types\/post"}],"author":[{"embeddable":true,"href":"https:\/\/elobservatorio.com.mx\/index.php?rest_route=\/wp\/v2\/users\/2"}],"replies":[{"embeddable":true,"href":"https:\/\/elobservatorio.com.mx\/index.php?rest_route=%2Fwp%2Fv2%2Fcomments&post=994"}],"version-history":[{"count":0,"href":"https:\/\/elobservatorio.com.mx\/index.php?rest_route=\/wp\/v2\/posts\/994\/revisions"}],"wp:featuredmedia":[{"embeddable":true,"href":"https:\/\/elobservatorio.com.mx\/index.php?rest_route=\/wp\/v2\/media\/995"}],"wp:attachment":[{"href":"https:\/\/elobservatorio.com.mx\/index.php?rest_route=%2Fwp%2Fv2%2Fmedia&parent=994"}],"wp:term":[{"taxonomy":"category","embeddable":true,"href":"https:\/\/elobservatorio.com.mx\/index.php?rest_route=%2Fwp%2Fv2%2Fcategories&post=994"},{"taxonomy":"post_tag","embeddable":true,"href":"https:\/\/elobservatorio.com.mx\/index.php?rest_route=%2Fwp%2Fv2%2Ftags&post=994"}],"curies":[{"name":"wp","href":"https:\/\/api.w.org\/{rel}","templated":true}]}}